{"id":5000,"date":"2022-06-28T21:11:45","date_gmt":"2022-06-29T01:11:45","guid":{"rendered":"https:\/\/webdealta.info\/?p=5000"},"modified":"2022-06-28T21:11:45","modified_gmt":"2022-06-29T01:11:45","slug":"zonas-de-altagracia-a-oscuras-por-fallas-en-alumbrado-publico","status":"publish","type":"post","link":"https:\/\/webdealta.info\/?p=5000","title":{"rendered":"Zonas de Altagracia a oscuras por fallas en alumbrado p\u00fablico"},"content":{"rendered":"\n<p>Amanda Saldivia.-<\/p>\n\n\n\n<p>Los gracitanos pasan largas jornadas sin energ\u00eda el\u00e9ctrica, en oportunidades por fallas en las redes de distribuci\u00f3n o en la subestaci\u00f3n Altagracia, mientras en otras es por racionamiento, eso que Corpoelec identifica con las siglas de PAC, es decir Plan de Administraci\u00f3n de Carga.<\/p>\n\n\n\n<p>A esta realidad se suman otras aver\u00edas, que dejan a zonas sin el funcionamiento del alumbrado p\u00fablico, tal como es el caso de la calle Chapaiguana con Vuelvan Caras, donde est\u00e1 el busto de la Madre Candelaria de San Jos\u00e9.<\/p>\n\n\n\n<p>De acuerdo al reporte de los vecinos, el alumbrado p\u00fablico dej\u00f3 de funcionar a comienzos del mes de mayo y a pesar de las gestiones emprendidas, las cuadrillas no han acudido a solucionar el problema que deja toda esa zona residencial sin iluminaci\u00f3n.<\/p>\n\n\n\n<p>Otro reporte similar, lleg\u00f3 del sector Andr\u00e9s Bello, carretera nacional v\u00eda oriente, donde los vecinos solicitaron a la alcald\u00eda que coordine la reparaci\u00f3n del alumbrado p\u00fablico, porque es una zona de alta circulaci\u00f3n de personas y veh\u00edculos. Ah\u00ed perdieron la cuenta del tiempo que tienen con esa v\u00eda a oscuras, lo que si saben es que representa un peligro.<\/p>\n\n\n\n<p>En ambas zonas, el alumbrado dej\u00f3 de funcionar y a pesar de las peticiones directas a Corpoelec, no hay resultados satisfactorios. Bien podr\u00eda pensarse que es debido a que el personal de esa empresa p\u00fablica no dispone desde hace meses del carro cesta para solucionar ese problema o no tienen los repuestos necesarios.<\/p>\n\n\n\n<p>Pero lo cierto, esa que en esas zonas la falta de alumbrado p\u00fablico es m\u00e1s notoria, al igual que en otras del casco central de Altagracia, donde no ha llegado el plan de iluminaci\u00f3n de la alcald\u00eda del municipio Monagas, porque est\u00e1 a oscuras partes de la calle Ilustres Pr\u00f3ceres, Jos\u00e9 Mart\u00ed, Bol\u00edvar, Sucre, Ayacucho, Juli\u00e1n Infante y la lista sigue.<\/p>\n\n\n\n<p>@amandasaldivia    <\/p>\n\n\n\n<p><\/p>\n","protected":false},"excerpt":{"rendered":"<p>Amanda Saldivia.- Los gracitanos pasan largas jornadas sin energ\u00eda el\u00e9ctrica, en oportunidades por fallas en las redes de distribuci\u00f3n o en la subestaci\u00f3n Altagracia, mientras en otras es por racionamiento, eso que Corpoelec identifica con las siglas de PAC, es decir Plan de Administraci\u00f3n de Carga. A esta realidad se<\/p>\n","protected":false},"author":2,"featured_media":5001,"comment_status":"open","ping_status":"open","sticky":false,"template":"","format":"standard","meta":{"advanced_seo_description":"","jetpack_seo_html_title":"","jetpack_seo_noindex":false,"_jetpack_memberships_contains_paid_content":false,"footnotes":"","jetpack_publicize_message":"","jetpack_publicize_feature_enabled":true,"jetpack_social_post_already_shared":true,"jetpack_social_options":{"image_generator_settings":{"template":"highway","enabled":false},"version":2}},"categories":[268],"tags":[8,7,32],"class_list":["post-5000","post","type-post","status-publish","format-standard","has-post-thumbnail","hentry","category-servicios-publicos","tag-altagraciadeorituco","tag-guarico","tag-webdealta",""],"jetpack_publicize_connections":[],"jetpack_featured_media_url":"https:\/\/webdealta.info\/wp-content\/uploads\/2022\/06\/altagracia-a-oscuras-webdealta.png","jetpack_sharing_enabled":true,"jetpack_likes_enabled":true,"jetpack-related-posts":[],"jetpack_shortlink":"https:\/\/wp.me\/pcseDn-1iE","_links":{"self":[{"href":"https:\/\/webdealta.info\/index.php?rest_route=\/wp\/v2\/posts\/5000","targetHints":{"allow":["GET"]}}],"collection":[{"href":"https:\/\/webdealta.info\/index.php?rest_route=\/wp\/v2\/posts"}],"about":[{"href":"https:\/\/webdealta.info\/index.php?rest_route=\/wp\/v2\/types\/post"}],"author":[{"embeddable":true,"href":"https:\/\/webdealta.info\/index.php?rest_route=\/wp\/v2\/users\/2"}],"replies":[{"embeddable":true,"href":"https:\/\/webdealta.info\/index.php?rest_route=%2Fwp%2Fv2%2Fcomments&post=5000"}],"version-history":[{"count":1,"href":"https:\/\/webdealta.info\/index.php?rest_route=\/wp\/v2\/posts\/5000\/revisions"}],"predecessor-version":[{"id":5002,"href":"https:\/\/webdealta.info\/index.php?rest_route=\/wp\/v2\/posts\/5000\/revisions\/5002"}],"wp:featuredmedia":[{"embeddable":true,"href":"https:\/\/webdealta.info\/index.php?rest_route=\/wp\/v2\/media\/5001"}],"wp:attachment":[{"href":"https:\/\/webdealta.info\/index.php?rest_route=%2Fwp%2Fv2%2Fmedia&parent=5000"}],"wp:term":[{"taxonomy":"category","embeddable":true,"href":"https:\/\/webdealta.info\/index.php?rest_route=%2Fwp%2Fv2%2Fcategories&post=5000"},{"taxonomy":"post_tag","embeddable":true,"href":"https:\/\/webdealta.info\/index.php?rest_route=%2Fwp%2Fv2%2Ftags&post=5000"}],"curies":[{"name":"wp","href":"https:\/\/api.w.org\/{rel}","templated":true}]}}