{"id":4996,"date":"2022-06-27T22:15:43","date_gmt":"2022-06-28T02:15:43","guid":{"rendered":"https:\/\/webdealta.info\/?p=4996"},"modified":"2022-06-28T22:02:21","modified_gmt":"2022-06-29T02:02:21","slug":"activa-104-9-fm-celebro-20-anos-de-servicio-a-la-comunidad","status":"publish","type":"post","link":"https:\/\/webdealta.info\/?p=4996","title":{"rendered":"Activa 104.9 FM celebr\u00f3 20 a\u00f1os de servicio a la comunidad"},"content":{"rendered":"\n<p>Amanda Saldivia.-<\/p>\n\n\n\n<p>Con la entrega de reconocimientos por a\u00f1os de servicio y un agasajo al personal, la emisora Activa 104.9 FM, celebr\u00f3 que hace dos d\u00e9cadas sali\u00f3 al aire en Altagracia de Orituco, Gu\u00e1rico, espec\u00edficamente el 26 de junio de 2002.<\/p>\n\n\n\n<p>Entre los reconocimientos est\u00e1 el otorgado a Rom\u00e1n Padr\u00f3n, quien desde hace 19 a\u00f1os conduce el espacio Sentimiento Canario e igualmente fue distinguido Gregorio Aponte, locutor con 41 a\u00f1os de experiencia y 18 de ellos en la emisora Activa con el programa As\u00ed es Venezuela.<\/p>\n\n\n\n<p>Tambi\u00e9n recibieron reconocimiento Diana Hern\u00e1ndez, Luisanni Marrero, Juan Vicente Mendoza, Vladimir Camacho, Efra\u00edn Mej\u00edas, Manuel Palacios, Manuel Sosa, Rafael Loreto, Danny Ojeda, Eduardo Mart\u00ednez y el director Luis Avil\u00e9s, por el espacio Noticiero Activa, el cual tienen una alianza con la p\u00e1gina Web de Altagracia.<\/p>\n\n\n\n<p>Para Nohelia Guti\u00e9rrez, directivo de la Fundaci\u00f3n Radio Activa, es un momento especial y dijo sentirse orgullosa del personal por el compromiso de trabajo social, de la mano con las necesidades de la poblaci\u00f3n, as\u00ed como tambi\u00e9n de ser un medio de comunicaci\u00f3n social que ha \u201cabierto las puertas a todas las corrientes pol\u00edticas que existen en nuestro pa\u00eds, estamos orgullos\u00edsimos de llegar a cada uno de los hogares, de llegar a cada una de las familias gracitanas para servirles\u201d.<\/p>\n\n\n\n<p>En sus palabras, dijo que hubo y hay dificultades, pero han logrado mantenerse esa ventana de comunicaci\u00f3n, por el talento de cada uno de los locutores, periodistas, personal t\u00e9cnico y administrativo, con un recordatorio especial al primero director, ya fallecido, Rafael Lazardi.<\/p>\n\n\n\n<p>Nohelia Guti\u00e9rrez aprovech\u00f3 la ocasi\u00f3n para agradecer el trabajo del actual director, el periodista Luis Avil\u00e9s, adem\u00e1s del aporte que durante seis a\u00f1os hizo el locutor Juan Vicente Mendoza, en ese mismo cargo gerencial.<\/p>\n\n\n\n<p>Por otra parte, Jos\u00e9 Luis Garc\u00eda, tambi\u00e9n directivo de la Fundaci\u00f3n Radio Activa y ex alcalde del municipio Jos\u00e9 Tadeo Monagas, al tomar la palabra dijo que consideraba importante \u201cratificar los pilares fundamentales que motivaron la creaci\u00f3n de esta radio, en primer lugar que sea un medio de comunicaci\u00f3n que est\u00e9 abierto a todas las corrientes de pensamiento, no solo pol\u00edtica, filos\u00f3fica, art\u00edsticas, culturales, un escenario, un espacio que permita que la creativa, que la necesidad de comunicar se exprese\u201d.<\/p>\n\n\n\n<p>As\u00ed mismo, invit\u00f3 a que el personal nunca olvide que son tres los aspectos esenciales que deben \u201cacompa\u00f1arnos siempre en nuestra intenci\u00f3n, en nuestro prop\u00f3sito, que es entretener, educar e informar\u201d.<\/p>\n\n\n\n<p>Para cerrar, el periodista Luis Avil\u00e9s en su rol como director de este medio de comunicaci\u00f3n, se\u00f1al\u00f3 que \u201cestos 20 a\u00f1os han sido de evoluci\u00f3n, de aprendizaje, de consolidaci\u00f3n, de que se mantenga el medio, porque es bastante complicado\u2026que sean muchos a\u00f1os m\u00e1s, una radio presta a toda la ciudadan\u00eda\u201d.<\/p>\n\n\n\n<p>@amandasaldivia   <\/p>\n\n\n\n<p>Fotograf\u00eda Manuel Sosa Constant <\/p>\n","protected":false},"excerpt":{"rendered":"<p>Amanda Saldivia.- Con la entrega de reconocimientos por a\u00f1os de servicio y un agasajo al personal, la emisora Activa 104.9 FM, celebr\u00f3 que hace dos d\u00e9cadas sali\u00f3 al aire en Altagracia de Orituco, Gu\u00e1rico, espec\u00edficamente el 26 de junio de 2002. Entre los reconocimientos est\u00e1 el otorgado a Rom\u00e1n Padr\u00f3n,<\/p>\n","protected":false},"author":2,"featured_media":4997,"comment_status":"open","ping_status":"open","sticky":false,"template":"","format":"standard","meta":{"advanced_seo_description":"","jetpack_seo_html_title":"","jetpack_seo_noindex":false,"_jetpack_memberships_contains_paid_content":false,"footnotes":"","jetpack_publicize_message":"","jetpack_publicize_feature_enabled":true,"jetpack_social_post_already_shared":true,"jetpack_social_options":{"image_generator_settings":{"template":"highway","enabled":false},"version":2}},"categories":[117],"tags":[8,7,32],"class_list":["post-4996","post","type-post","status-publish","format-standard","has-post-thumbnail","hentry","category-celebracion","tag-altagraciadeorituco","tag-guarico","tag-webdealta",""],"jetpack_publicize_connections":[],"jetpack_featured_media_url":"https:\/\/webdealta.info\/wp-content\/uploads\/2022\/06\/Activa-104.9-FM-webdealta-Amanda-Saldivia.jpg","jetpack_sharing_enabled":true,"jetpack_likes_enabled":true,"jetpack-related-posts":[],"jetpack_shortlink":"https:\/\/wp.me\/pcseDn-1iA","_links":{"self":[{"href":"https:\/\/webdealta.info\/index.php?rest_route=\/wp\/v2\/posts\/4996","targetHints":{"allow":["GET"]}}],"collection":[{"href":"https:\/\/webdealta.info\/index.php?rest_route=\/wp\/v2\/posts"}],"about":[{"href":"https:\/\/webdealta.info\/index.php?rest_route=\/wp\/v2\/types\/post"}],"author":[{"embeddable":true,"href":"https:\/\/webdealta.info\/index.php?rest_route=\/wp\/v2\/users\/2"}],"replies":[{"embeddable":true,"href":"https:\/\/webdealta.info\/index.php?rest_route=%2Fwp%2Fv2%2Fcomments&post=4996"}],"version-history":[{"count":3,"href":"https:\/\/webdealta.info\/index.php?rest_route=\/wp\/v2\/posts\/4996\/revisions"}],"predecessor-version":[{"id":5007,"href":"https:\/\/webdealta.info\/index.php?rest_route=\/wp\/v2\/posts\/4996\/revisions\/5007"}],"wp:featuredmedia":[{"embeddable":true,"href":"https:\/\/webdealta.info\/index.php?rest_route=\/wp\/v2\/media\/4997"}],"wp:attachment":[{"href":"https:\/\/webdealta.info\/index.php?rest_route=%2Fwp%2Fv2%2Fmedia&parent=4996"}],"wp:term":[{"taxonomy":"category","embeddable":true,"href":"https:\/\/webdealta.info\/index.php?rest_route=%2Fwp%2Fv2%2Fcategories&post=4996"},{"taxonomy":"post_tag","embeddable":true,"href":"https:\/\/webdealta.info\/index.php?rest_route=%2Fwp%2Fv2%2Ftags&post=4996"}],"curies":[{"name":"wp","href":"https:\/\/api.w.org\/{rel}","templated":true}]}}