{"id":4981,"date":"2022-06-25T18:11:55","date_gmt":"2022-06-25T22:11:55","guid":{"rendered":"https:\/\/webdealta.info\/?p=4981"},"modified":"2022-06-25T18:14:03","modified_gmt":"2022-06-25T22:14:03","slug":"dip-soto-rojas-bautizo-escritos-del-ayer-y-de-hoy-en-su-tierra-natal","status":"publish","type":"post","link":"https:\/\/webdealta.info\/?p=4981","title":{"rendered":"Dip. Soto Rojas bautiz\u00f3 Escritos del Ayer y de Hoy en su tierra natal"},"content":{"rendered":"\n<p>En el sal\u00f3n Sim\u00f3n Bol\u00edvar del Palacio municipal de Gobierno de Altagracia de Orituco, se realiz\u00f3 el bautizo del libro Escritos del Ayer y de Hoy, obra del gracitano Fernando Soto Rojas, diputado de la Asamblea Nacional, quien estuvo en compa\u00f1\u00eda de familiares, amigos y camaradas de lucha.<\/p>\n\n\n\n<p>Dicha obra, destaca de forma cronol\u00f3gica m\u00faltiples etapas de la lucha revolucionaria en Venezuela, tejiendo una s\u00edntesis de la vida hist\u00f3rica de la gesta independentista y la revoluci\u00f3n Bolivariana.<\/p>\n\n\n\n<p>Durante su discurso el diputado Soto Rojas, dio un breve resumen de su lucha revolucionaria y exhort\u00f3 a la dirigencia pol\u00edtica joven a mantenerse en el constante estudio del pensamiento bolivariano y del relato hist\u00f3rico pol\u00edtico, como lo es Escritos del Ayer y de Hoy, el cual considera fuente de consolidaci\u00f3n geopol\u00edtica para los futuros l\u00edderes de la Revoluci\u00f3n Bolivariana.<\/p>\n\n\n\n<p>En la solemne actividad, el alcalde del municipio Jos\u00e9 Tadeo Monagas, Pedro Sol\u00f3rzano expres\u00f3 que \u00abestamos haciendo la presentaci\u00f3n de este obsequio que se le est\u00e1 dando a la humanidad, por parte de una persona que tiene m\u00e1s de 70 a\u00f1os en la lucha de la revoluci\u00f3n\u201d.<\/p>\n\n\n\n<p>El mandatario local, hizo \u00e9nfasis en los a\u00f1os de lucha pol\u00edtica del diputado Fernando Soto Rojas y resalt\u00f3 que \u201cen tu tierra natal estas cosechando lo que llevas m\u00e1s de 70 a\u00f1os sembrando, vamos a seguir con esa lucha incansable por parte del pueblo gracitano para seguir en la gesta de la revoluci\u00f3n bolivariana\u00bb.<\/p>\n\n\n\n<p>El acto cont\u00f3 con la presencia de la Teniente Coronel Nubia Infante Alfaro, adem\u00e1s de los diputados a la Asamblea Nacional William Fari\u00f1a y Edgardo Ram\u00edrez.<\/p>\n\n\n\n<p>Prensa Alcald\u00eda del municipio Monagas  <\/p>\n\n\n\n<p><\/p>\n","protected":false},"excerpt":{"rendered":"<p>En el sal\u00f3n Sim\u00f3n Bol\u00edvar del Palacio municipal de Gobierno de Altagracia de Orituco, se realiz\u00f3 el bautizo del libro Escritos del Ayer y de Hoy, obra del gracitano Fernando Soto Rojas, diputado de la Asamblea Nacional, quien estuvo en compa\u00f1\u00eda de familiares, amigos y camaradas de lucha. Dicha obra,<\/p>\n","protected":false},"author":2,"featured_media":4982,"comment_status":"open","ping_status":"open","sticky":false,"template":"","format":"standard","meta":{"advanced_seo_description":"","jetpack_seo_html_title":"","jetpack_seo_noindex":false,"_jetpack_memberships_contains_paid_content":false,"footnotes":"","jetpack_publicize_message":"","jetpack_publicize_feature_enabled":true,"jetpack_social_post_already_shared":true,"jetpack_social_options":{"image_generator_settings":{"template":"highway","enabled":false},"version":2}},"categories":[142],"tags":[8,7,32],"class_list":["post-4981","post","type-post","status-publish","format-standard","has-post-thumbnail","hentry","category-politica","tag-altagraciadeorituco","tag-guarico","tag-webdealta",""],"jetpack_publicize_connections":[],"jetpack_featured_media_url":"https:\/\/webdealta.info\/wp-content\/uploads\/2022\/06\/soto-rojas-webdealta.png","jetpack_sharing_enabled":true,"jetpack_likes_enabled":true,"jetpack-related-posts":[],"jetpack_shortlink":"https:\/\/wp.me\/pcseDn-1il","_links":{"self":[{"href":"https:\/\/webdealta.info\/index.php?rest_route=\/wp\/v2\/posts\/4981","targetHints":{"allow":["GET"]}}],"collection":[{"href":"https:\/\/webdealta.info\/index.php?rest_route=\/wp\/v2\/posts"}],"about":[{"href":"https:\/\/webdealta.info\/index.php?rest_route=\/wp\/v2\/types\/post"}],"author":[{"embeddable":true,"href":"https:\/\/webdealta.info\/index.php?rest_route=\/wp\/v2\/users\/2"}],"replies":[{"embeddable":true,"href":"https:\/\/webdealta.info\/index.php?rest_route=%2Fwp%2Fv2%2Fcomments&post=4981"}],"version-history":[{"count":1,"href":"https:\/\/webdealta.info\/index.php?rest_route=\/wp\/v2\/posts\/4981\/revisions"}],"predecessor-version":[{"id":4983,"href":"https:\/\/webdealta.info\/index.php?rest_route=\/wp\/v2\/posts\/4981\/revisions\/4983"}],"wp:featuredmedia":[{"embeddable":true,"href":"https:\/\/webdealta.info\/index.php?rest_route=\/wp\/v2\/media\/4982"}],"wp:attachment":[{"href":"https:\/\/webdealta.info\/index.php?rest_route=%2Fwp%2Fv2%2Fmedia&parent=4981"}],"wp:term":[{"taxonomy":"category","embeddable":true,"href":"https:\/\/webdealta.info\/index.php?rest_route=%2Fwp%2Fv2%2Fcategories&post=4981"},{"taxonomy":"post_tag","embeddable":true,"href":"https:\/\/webdealta.info\/index.php?rest_route=%2Fwp%2Fv2%2Ftags&post=4981"}],"curies":[{"name":"wp","href":"https:\/\/api.w.org\/{rel}","templated":true}]}}