{"id":4971,"date":"2022-06-24T18:44:28","date_gmt":"2022-06-24T22:44:28","guid":{"rendered":"https:\/\/webdealta.info\/?p=4971"},"modified":"2022-06-24T18:44:29","modified_gmt":"2022-06-24T22:44:29","slug":"prosperidad-para-lezama-pidieron-a-san-juan-bautista","status":"publish","type":"post","link":"https:\/\/webdealta.info\/?p=4971","title":{"rendered":"Prosperidad para Lezama pidieron a San Juan Bautista"},"content":{"rendered":"\n<p>Amanda Saldivia.-<\/p>\n\n\n\n<p>Los Negros Kimb\u00e1nganos iniciaron la devoci\u00f3n en torno a San Juan Bautista, con el tradicional rito a las afueras de la iglesia de Lezama, a la cual se presentaron al culminar la misa, con el canto \u201cOh yo-y\u00f3\u201d, el golpe de tambor, danzas y versos para pedir al padre que deje sacar la imagen en procesi\u00f3n, porque el Santo est\u00e1 de cumplea\u00f1os y es parrandero.<\/p>\n\n\n\n<p>De esta manera, comenz\u00f3 el recorrido de los Negros Kimb\u00e1nganos por las calles de Lezama, este 24 de junio, con Santiago Nieves al frente, por ser el capit\u00e1n de cofrad\u00eda y quien gu\u00eda los versos y las visitas a las casas de devotos del Santo, al cual le piden lluvias, para que las cosechas sean abundantes, para que haya prosperidad y tambi\u00e9n por la salud de los enfermos.<\/p>\n\n\n\n<p>La primera parada de la procesi\u00f3n fue en casa de la se\u00f1ora Chepa de Fern\u00e1ndez, quien a sus 86 a\u00f1os cont\u00f3 que desde que tiene uso de raz\u00f3n han existido los Negros Kimb\u00e1nganos y hasta record\u00f3 el verso que expresan cuando llegan a la iglesia, el cual dice as\u00ed: \u201cMi San Juanito, te vengo a buscar, en d\u00f3nde estar\u00eda, en d\u00f3nde estar\u00e1s\u201d.<\/p>\n\n\n\n<p>\u201cEllos siguen en procesi\u00f3n, al Santo se le pide por todas las necesidades del pueblo, que se nos vaya esa pandemia que hay\u201d, agreg\u00f3 la se\u00f1ora Chepa de Fern\u00e1ndez, una vez que los Negros continuaron el recorrido por las calles de Lezama, como dicen hasta que el cuerpo aguante.<\/p>\n\n\n\n<p>Por su parte, Petra Marrero, quien pertenece al equipo de la pastoral, cuyo gu\u00eda espiritual es el di\u00e1cono Antonio, dijo que el Santo simboliza el bautismo, la presencia de Dios y que \u201cen este pueblo pedimos la bendici\u00f3n de San Juan, que el lezamense sienta en carne viva lo que es San Juan, que es el mensajero del Se\u00f1or\u201d.<\/p>\n\n\n\n<p>Para ella, la petici\u00f3n m\u00e1s importante es que San Juan Bautista los prepare espiritualmente, que \u201cabra nuestros corazones a los buenos sentimientos, a las buenas ideas para que el pueblo crezca, en virtudes, en actividades que vayan en pro de un bienestar para la comunidad\u201d.<\/p>\n\n\n\n<p>@amandasaldivia   <\/p>\n\n\n\n<p><\/p>\n","protected":false},"excerpt":{"rendered":"<p>Amanda Saldivia.- Los Negros Kimb\u00e1nganos iniciaron la devoci\u00f3n en torno a San Juan Bautista, con el tradicional rito a las afueras de la iglesia de Lezama, a la cual se presentaron al culminar la misa, con el canto \u201cOh yo-y\u00f3\u201d, el golpe de tambor, danzas y versos para pedir al<\/p>\n","protected":false},"author":2,"featured_media":4972,"comment_status":"open","ping_status":"open","sticky":false,"template":"","format":"standard","meta":{"advanced_seo_description":"","jetpack_seo_html_title":"","jetpack_seo_noindex":false,"_jetpack_memberships_contains_paid_content":false,"footnotes":"","jetpack_publicize_message":"","jetpack_publicize_feature_enabled":true,"jetpack_social_post_already_shared":true,"jetpack_social_options":{"image_generator_settings":{"template":"highway","enabled":false},"version":2}},"categories":[260],"tags":[],"class_list":["post-4971","post","type-post","status-publish","format-standard","has-post-thumbnail","hentry","category-tradiciones",""],"jetpack_publicize_connections":[],"jetpack_featured_media_url":"https:\/\/webdealta.info\/wp-content\/uploads\/2022\/06\/san-juan-2022-webdealta.png","jetpack_sharing_enabled":true,"jetpack_likes_enabled":true,"jetpack-related-posts":[],"jetpack_shortlink":"https:\/\/wp.me\/pcseDn-1ib","_links":{"self":[{"href":"https:\/\/webdealta.info\/index.php?rest_route=\/wp\/v2\/posts\/4971","targetHints":{"allow":["GET"]}}],"collection":[{"href":"https:\/\/webdealta.info\/index.php?rest_route=\/wp\/v2\/posts"}],"about":[{"href":"https:\/\/webdealta.info\/index.php?rest_route=\/wp\/v2\/types\/post"}],"author":[{"embeddable":true,"href":"https:\/\/webdealta.info\/index.php?rest_route=\/wp\/v2\/users\/2"}],"replies":[{"embeddable":true,"href":"https:\/\/webdealta.info\/index.php?rest_route=%2Fwp%2Fv2%2Fcomments&post=4971"}],"version-history":[{"count":1,"href":"https:\/\/webdealta.info\/index.php?rest_route=\/wp\/v2\/posts\/4971\/revisions"}],"predecessor-version":[{"id":4973,"href":"https:\/\/webdealta.info\/index.php?rest_route=\/wp\/v2\/posts\/4971\/revisions\/4973"}],"wp:featuredmedia":[{"embeddable":true,"href":"https:\/\/webdealta.info\/index.php?rest_route=\/wp\/v2\/media\/4972"}],"wp:attachment":[{"href":"https:\/\/webdealta.info\/index.php?rest_route=%2Fwp%2Fv2%2Fmedia&parent=4971"}],"wp:term":[{"taxonomy":"category","embeddable":true,"href":"https:\/\/webdealta.info\/index.php?rest_route=%2Fwp%2Fv2%2Fcategories&post=4971"},{"taxonomy":"post_tag","embeddable":true,"href":"https:\/\/webdealta.info\/index.php?rest_route=%2Fwp%2Fv2%2Ftags&post=4971"}],"curies":[{"name":"wp","href":"https:\/\/api.w.org\/{rel}","templated":true}]}}