{"id":4967,"date":"2022-06-23T22:22:27","date_gmt":"2022-06-24T02:22:27","guid":{"rendered":"https:\/\/webdealta.info\/?p=4967"},"modified":"2022-06-23T22:22:29","modified_gmt":"2022-06-24T02:22:29","slug":"murio-tras-recibir-descarga-electrica","status":"publish","type":"post","link":"https:\/\/webdealta.info\/?p=4967","title":{"rendered":"Muri\u00f3 tras recibir descarga el\u00e9ctrica"},"content":{"rendered":"\n<p>Amanda Saldivia.-<\/p>\n\n\n\n<p>Como Pedro Alejandro Liendo de 51 a\u00f1os de edad, fue identificado el ciudadano que perdi\u00f3 la vida tras recibir una descarga el\u00e9ctrica, momentos cuando se encontraba en el techo de su residencia, ubicada en el sector Cerro de la M\u00e1quina de Altagracia de Orituco, Gu\u00e1rico.<\/p>\n\n\n\n<p>Al lugar se presentaron comisiones de Protecci\u00f3n Civil, efectivos del Cuerpo de Bomberos y detectives del CICPC, estos \u00faltimos para proceder con la recolecci\u00f3n de evidencias para posteriormente realizar el levantamiento del cad\u00e1ver, el cual fue llevado a la morgue del hospital Dr. Jos\u00e9 Francisco Torrealba.<\/p>\n\n\n\n<p>De acuerdo a la versi\u00f3n que hasta el momento se maneja, Pedro Alejandro Liendo se encontraba sobre el techo de la vivienda, al parecer manipulando una l\u00ednea energizada, cuando recibi\u00f3 la descarga que le produjo la muerte.<\/p>\n\n\n\n<p>El lamentable hecho, se registr\u00f3 este 23 de junio, a la 1:40 pm, seg\u00fan el reporte aportado por el coronel Denis Dur\u00e1n, comandante del Cuerpo de Bomberos Andr\u00e9 Fourneau, quien alert\u00f3 a la poblaci\u00f3n sobre el peligro que representa este tipo de acciones riesgosas.<\/p>\n\n\n\n<p>@amandasaldivia  <\/p>\n\n\n\n<p><\/p>\n","protected":false},"excerpt":{"rendered":"<p>Amanda Saldivia.- Como Pedro Alejandro Liendo de 51 a\u00f1os de edad, fue identificado el ciudadano que perdi\u00f3 la vida tras recibir una descarga el\u00e9ctrica, momentos cuando se encontraba en el techo de su residencia, ubicada en el sector Cerro de la M\u00e1quina de Altagracia de Orituco, Gu\u00e1rico. Al lugar se<\/p>\n","protected":false},"author":2,"featured_media":4968,"comment_status":"open","ping_status":"open","sticky":false,"template":"","format":"standard","meta":{"advanced_seo_description":"","jetpack_seo_html_title":"","jetpack_seo_noindex":false,"_jetpack_memberships_contains_paid_content":false,"footnotes":"","jetpack_publicize_message":"","jetpack_publicize_feature_enabled":true,"jetpack_social_post_already_shared":true,"jetpack_social_options":{"image_generator_settings":{"template":"highway","enabled":false},"version":2}},"categories":[234],"tags":[8,7,318,32],"class_list":["post-4967","post","type-post","status-publish","format-standard","has-post-thumbnail","hentry","category-sucesos","tag-altagraciadeorituco","tag-guarico","tag-lawebdealtagracia","tag-webdealta",""],"jetpack_publicize_connections":[],"jetpack_featured_media_url":"https:\/\/webdealta.info\/wp-content\/uploads\/2022\/06\/Dakota-Cabrera-27.png","jetpack_sharing_enabled":true,"jetpack_likes_enabled":true,"jetpack-related-posts":[],"jetpack_shortlink":"https:\/\/wp.me\/pcseDn-1i7","_links":{"self":[{"href":"https:\/\/webdealta.info\/index.php?rest_route=\/wp\/v2\/posts\/4967","targetHints":{"allow":["GET"]}}],"collection":[{"href":"https:\/\/webdealta.info\/index.php?rest_route=\/wp\/v2\/posts"}],"about":[{"href":"https:\/\/webdealta.info\/index.php?rest_route=\/wp\/v2\/types\/post"}],"author":[{"embeddable":true,"href":"https:\/\/webdealta.info\/index.php?rest_route=\/wp\/v2\/users\/2"}],"replies":[{"embeddable":true,"href":"https:\/\/webdealta.info\/index.php?rest_route=%2Fwp%2Fv2%2Fcomments&post=4967"}],"version-history":[{"count":1,"href":"https:\/\/webdealta.info\/index.php?rest_route=\/wp\/v2\/posts\/4967\/revisions"}],"predecessor-version":[{"id":4969,"href":"https:\/\/webdealta.info\/index.php?rest_route=\/wp\/v2\/posts\/4967\/revisions\/4969"}],"wp:featuredmedia":[{"embeddable":true,"href":"https:\/\/webdealta.info\/index.php?rest_route=\/wp\/v2\/media\/4968"}],"wp:attachment":[{"href":"https:\/\/webdealta.info\/index.php?rest_route=%2Fwp%2Fv2%2Fmedia&parent=4967"}],"wp:term":[{"taxonomy":"category","embeddable":true,"href":"https:\/\/webdealta.info\/index.php?rest_route=%2Fwp%2Fv2%2Fcategories&post=4967"},{"taxonomy":"post_tag","embeddable":true,"href":"https:\/\/webdealta.info\/index.php?rest_route=%2Fwp%2Fv2%2Ftags&post=4967"}],"curies":[{"name":"wp","href":"https:\/\/api.w.org\/{rel}","templated":true}]}}