{"id":4963,"date":"2022-06-23T21:52:13","date_gmt":"2022-06-24T01:52:13","guid":{"rendered":"https:\/\/webdealta.info\/?p=4963"},"modified":"2022-06-23T21:52:14","modified_gmt":"2022-06-24T01:52:14","slug":"altagracia-celebro-el-i-festival-pedagogico-de-reporteros-escolares","status":"publish","type":"post","link":"https:\/\/webdealta.info\/?p=4963","title":{"rendered":"Altagracia celebr\u00f3 el I Festival Pedag\u00f3gico de Reporteros Escolares"},"content":{"rendered":"\n<p>Ismaides P\u00e9rez.-<\/p>\n\n\n\n<p>Este jueves, en virtud del D\u00eda del Periodista, fecha a celebrar este 27 de junio, se llev\u00f3 a cabo el I Festival Pedag\u00f3gico Comunicacional de Reporteros Escolares en las instalaciones de la Escuela B\u00e1sica La Cuman\u00e1 de Altagracia de Orituco, Gu\u00e1rico, donde se le rindi\u00f3 homenaje a la carism\u00e1tica y talentosa periodista gracitana Amanda Saldivia Mora.<\/p>\n\n\n\n<p>El acto pedag\u00f3gico tambi\u00e9n cont\u00f3 con la presencia del periodista Luis Avil\u00e9s, director de la emisora Activa 104.9 FM y del locutor Vladimir Camacho, conductor del espacio El Revoltillo que se transmite en ese mismo dial, quienes fueron los encargados de evaluar y reconocer el talento de todas las escuelas participantes en la actividad, debido a que cada instituci\u00f3n present\u00f3 una ponencia en el \u00e1mbito comunicacional dedicado a la periodista homenajeada Amanda Saldivia.<\/p>\n\n\n\n<p>Saldivia, con una trayectoria de m\u00e1s de 30 a\u00f1os en la labor del periodismo en el \u00e1mbito nacional, expres\u00f3 que la profesi\u00f3n implica muchos retos, que el gremio debe estar unido y valorar a quienes escogieron esta profesi\u00f3n al servicio de la verdad y con sensibilidad por quienes necesitan ese acompa\u00f1amiento en el reclamo de sus derechos.<\/p>\n\n\n\n<p>Durante el desarrollo del Festival, Saldivia fue entrevistada por los distintos planteles y a su vez cada ponencia hac\u00eda menci\u00f3n al trabajo de la periodista, quien se gradu\u00f3 en la Universidad Central de Venezuela en noviembre de 1990, para luego dedicarse a la labor period\u00edstica en su tierra natal, en la cual ha ejercido en distintas instituciones, entre ellas la docencia universitaria; adem\u00e1s de ser la conductora del espacio radial Tiempo de Cambios con 20 a\u00f1os en el aire, el cual incluye la secci\u00f3n Di\u00e1spora Orituque\u00f1a, dedicada a entrevistas a gracitanos radicados en el exterior.<\/p>\n\n\n\n<p>Esta profesional de la comunicaci\u00f3n social, lleva adelante otro proyecto en el \u00e1rea de la comunicaci\u00f3n, como lo es el portal Web de Altagracia, el cual es una ventana para mostrar el acontecer de esta tierra guarique\u00f1a m\u00e1s all\u00e1 de donde llegan las ondas hertzianas de la emisora Activa 104.9 FM, en la cual se difunde el programa Tiempo de Cambios, de lunes a viernes, de 5:30 pm a 7:00 pm.<\/p>\n\n\n\n<p>Como todo festival, fue evaluada la presentaci\u00f3n que hicieron los ni\u00f1os y ni\u00f1as, tanto del nivel preescolar como b\u00e1sica. El resultado fue el siguiente: Escuela B\u00e1sica Jos\u00e9 Ram\u00f3n Camejo con una entrevista a una docente de aula; Jard\u00edn de Infancia Abelardo M\u00e9ndez quien entrevist\u00f3 a la Coordinadora del Centro de Recursos para el Aprendizaje (CRA) Karina Loreto; Jard\u00edn de Infancia Orituco, quienes hicieron un programa radial con la biograf\u00eda de la homenajeada y Jard\u00edn de Infancia Josefa Mar\u00eda Ram\u00edrez y Escuela B\u00e1sica Bolivariana Orituco, quienes en su momento de ponencia realizaron entrevista de personalidad a Amanda Saldivia.  <\/p>\n\n\n\n<p><\/p>\n","protected":false},"excerpt":{"rendered":"<p>Ismaides P\u00e9rez.- Este jueves, en virtud del D\u00eda del Periodista, fecha a celebrar este 27 de junio, se llev\u00f3 a cabo el I Festival Pedag\u00f3gico Comunicacional de Reporteros Escolares en las instalaciones de la Escuela B\u00e1sica La Cuman\u00e1 de Altagracia de Orituco, Gu\u00e1rico, donde se le rindi\u00f3 homenaje a la<\/p>\n","protected":false},"author":2,"featured_media":4964,"comment_status":"open","ping_status":"open","sticky":false,"template":"","format":"standard","meta":{"advanced_seo_description":"","jetpack_seo_html_title":"","jetpack_seo_noindex":false,"_jetpack_memberships_contains_paid_content":false,"footnotes":"","jetpack_publicize_message":"","jetpack_publicize_feature_enabled":true,"jetpack_social_post_already_shared":true,"jetpack_social_options":{"image_generator_settings":{"template":"highway","enabled":false},"version":2}},"categories":[151],"tags":[8,7,318],"class_list":["post-4963","post","type-post","status-publish","format-standard","has-post-thumbnail","hentry","category-educacion","tag-altagraciadeorituco","tag-guarico","tag-lawebdealtagracia",""],"jetpack_publicize_connections":[],"jetpack_featured_media_url":"https:\/\/webdealta.info\/wp-content\/uploads\/2022\/06\/festival-reporteros-webdealta.png","jetpack_sharing_enabled":true,"jetpack_likes_enabled":true,"jetpack-related-posts":[],"jetpack_shortlink":"https:\/\/wp.me\/pcseDn-1i3","_links":{"self":[{"href":"https:\/\/webdealta.info\/index.php?rest_route=\/wp\/v2\/posts\/4963","targetHints":{"allow":["GET"]}}],"collection":[{"href":"https:\/\/webdealta.info\/index.php?rest_route=\/wp\/v2\/posts"}],"about":[{"href":"https:\/\/webdealta.info\/index.php?rest_route=\/wp\/v2\/types\/post"}],"author":[{"embeddable":true,"href":"https:\/\/webdealta.info\/index.php?rest_route=\/wp\/v2\/users\/2"}],"replies":[{"embeddable":true,"href":"https:\/\/webdealta.info\/index.php?rest_route=%2Fwp%2Fv2%2Fcomments&post=4963"}],"version-history":[{"count":1,"href":"https:\/\/webdealta.info\/index.php?rest_route=\/wp\/v2\/posts\/4963\/revisions"}],"predecessor-version":[{"id":4965,"href":"https:\/\/webdealta.info\/index.php?rest_route=\/wp\/v2\/posts\/4963\/revisions\/4965"}],"wp:featuredmedia":[{"embeddable":true,"href":"https:\/\/webdealta.info\/index.php?rest_route=\/wp\/v2\/media\/4964"}],"wp:attachment":[{"href":"https:\/\/webdealta.info\/index.php?rest_route=%2Fwp%2Fv2%2Fmedia&parent=4963"}],"wp:term":[{"taxonomy":"category","embeddable":true,"href":"https:\/\/webdealta.info\/index.php?rest_route=%2Fwp%2Fv2%2Fcategories&post=4963"},{"taxonomy":"post_tag","embeddable":true,"href":"https:\/\/webdealta.info\/index.php?rest_route=%2Fwp%2Fv2%2Ftags&post=4963"}],"curies":[{"name":"wp","href":"https:\/\/api.w.org\/{rel}","templated":true}]}}