{"id":4959,"date":"2022-06-22T21:06:54","date_gmt":"2022-06-23T01:06:54","guid":{"rendered":"https:\/\/webdealta.info\/?p=4959"},"modified":"2022-06-22T21:06:55","modified_gmt":"2022-06-23T01:06:55","slug":"legisladores-rechazan-traslado-de-150-mil-dolares-para-ferias-morros-2022","status":"publish","type":"post","link":"https:\/\/webdealta.info\/?p=4959","title":{"rendered":"Legisladores rechazan traslado de 150 mil d\u00f3lares para Ferias Morros 2022"},"content":{"rendered":"\n<p>A trav\u00e9s de un comunicado, el Bloque Parlamentario de la Alianza Democr\u00e1tica que integra el Consejo Legislativo del estado Gu\u00e1rico, rechaz\u00f3 la utilizaci\u00f3n de recursos en la realizaci\u00f3n de las Ferias Morros 2022, actividad que rinde homenaje al santo patrono de San Juan de los Morros, San Juan Bautista.<\/p>\n\n\n\n<p>Tal inversi\u00f3n, se ejecut\u00f3 a trav\u00e9s de un traspaso presupuestario de la gesti\u00f3n administrativa de Fundaculgua, -instituci\u00f3n adscrita al gobierno regional encargada del sector cultural en la entidad-, por la cantidad de 808 mil 513 bol\u00edvares, equivalentes a m\u00e1s de 150 mil d\u00f3lares, la cual se efectu\u00f3 a solicitud del gobernador Jos\u00e9 V\u00e1squez.<\/p>\n\n\n\n<p>Los legisladores hicieron \u00e9nfasis en que esta aprobaci\u00f3n no cont\u00f3 con el apoyo del Bloque Parlamentario de la Alianza Democr\u00e1tica, por cuanto, fue aprobada solo por los representantes del Partido Socialista Unido de Venezuela (Psuv), rechazando de manera categ\u00f3rica esta decisi\u00f3n, ya que el estado padece actualmente una situaci\u00f3n cr\u00edtica en materia de servicios p\u00fablicos, agr\u00edcola y salud, por lo que estos recursos pudieron destinarse a la atenci\u00f3n de la red hospitalaria, \u201cdonde se observa a diario falta de insumos y medicamentos para atender las emergencias b\u00e1sicas con las que acuden los pacientes d\u00eda a d\u00eda\u201d, entre otras necesidades.<\/p>\n\n\n\n<p>De tal manera que, los legisladores expresaron su apoyo a la celebraci\u00f3n de actividades culturales y recreativas en el marco de las Ferias Morros 2022, pero sin sacrificar el dinero de un pueblo que tiene sus prioridades, reiterando que en el sector salud, diariamente existe una demanda por insumos m\u00e9dicos que se pueden costear con los recursos que est\u00e1n destinados a esas celebraciones.<\/p>\n\n\n\n<p>Prensa Alianza Democr\u00e1tica  <\/p>\n\n\n\n<p><\/p>\n","protected":false},"excerpt":{"rendered":"<p>A trav\u00e9s de un comunicado, el Bloque Parlamentario de la Alianza Democr\u00e1tica que integra el Consejo Legislativo del estado Gu\u00e1rico, rechaz\u00f3 la utilizaci\u00f3n de recursos en la realizaci\u00f3n de las Ferias Morros 2022, actividad que rinde homenaje al santo patrono de San Juan de los Morros, San Juan Bautista. Tal<\/p>\n","protected":false},"author":2,"featured_media":4960,"comment_status":"open","ping_status":"open","sticky":false,"template":"","format":"standard","meta":{"advanced_seo_description":"","jetpack_seo_html_title":"","jetpack_seo_noindex":false,"_jetpack_memberships_contains_paid_content":false,"footnotes":"","jetpack_publicize_message":"","jetpack_publicize_feature_enabled":true,"jetpack_social_post_already_shared":true,"jetpack_social_options":{"image_generator_settings":{"template":"highway","enabled":false},"version":2}},"categories":[66],"tags":[8,7,32],"class_list":["post-4959","post","type-post","status-publish","format-standard","has-post-thumbnail","hentry","category-regionales","tag-altagraciadeorituco","tag-guarico","tag-webdealta",""],"jetpack_publicize_connections":[],"jetpack_featured_media_url":"https:\/\/webdealta.info\/wp-content\/uploads\/2022\/06\/Foto-Alianza.jpg","jetpack_sharing_enabled":true,"jetpack_likes_enabled":true,"jetpack-related-posts":[],"jetpack_shortlink":"https:\/\/wp.me\/pcseDn-1hZ","_links":{"self":[{"href":"https:\/\/webdealta.info\/index.php?rest_route=\/wp\/v2\/posts\/4959","targetHints":{"allow":["GET"]}}],"collection":[{"href":"https:\/\/webdealta.info\/index.php?rest_route=\/wp\/v2\/posts"}],"about":[{"href":"https:\/\/webdealta.info\/index.php?rest_route=\/wp\/v2\/types\/post"}],"author":[{"embeddable":true,"href":"https:\/\/webdealta.info\/index.php?rest_route=\/wp\/v2\/users\/2"}],"replies":[{"embeddable":true,"href":"https:\/\/webdealta.info\/index.php?rest_route=%2Fwp%2Fv2%2Fcomments&post=4959"}],"version-history":[{"count":1,"href":"https:\/\/webdealta.info\/index.php?rest_route=\/wp\/v2\/posts\/4959\/revisions"}],"predecessor-version":[{"id":4961,"href":"https:\/\/webdealta.info\/index.php?rest_route=\/wp\/v2\/posts\/4959\/revisions\/4961"}],"wp:featuredmedia":[{"embeddable":true,"href":"https:\/\/webdealta.info\/index.php?rest_route=\/wp\/v2\/media\/4960"}],"wp:attachment":[{"href":"https:\/\/webdealta.info\/index.php?rest_route=%2Fwp%2Fv2%2Fmedia&parent=4959"}],"wp:term":[{"taxonomy":"category","embeddable":true,"href":"https:\/\/webdealta.info\/index.php?rest_route=%2Fwp%2Fv2%2Fcategories&post=4959"},{"taxonomy":"post_tag","embeddable":true,"href":"https:\/\/webdealta.info\/index.php?rest_route=%2Fwp%2Fv2%2Ftags&post=4959"}],"curies":[{"name":"wp","href":"https:\/\/api.w.org\/{rel}","templated":true}]}}