{"id":4955,"date":"2022-06-22T21:01:12","date_gmt":"2022-06-23T01:01:12","guid":{"rendered":"https:\/\/webdealta.info\/?p=4955"},"modified":"2022-06-22T21:01:14","modified_gmt":"2022-06-23T01:01:14","slug":"ferias-morros-2022-inicio-con-desfile-civico-militar-policial","status":"publish","type":"post","link":"https:\/\/webdealta.info\/?p=4955","title":{"rendered":"Ferias Morros 2022 inici\u00f3 con desfile c\u00edvico-militar-policial"},"content":{"rendered":"\n<p>La ciudad de San Juan de los Morros fue el escenario donde el pueblo rosciano disfrut\u00f3 del primer gran desfile c\u00edvico-militar y policial en honor a San Juan Bautista, enmarcado en la agenda de actividades de las Ferias Morros 2022, en la cual \u00a0los 16 circuitos educativos y m\u00e1s de 15 instituciones p\u00fablicas hicieron participaci\u00f3n con pancartas, globos y disfraces.<\/p>\n\n\n\n<p>Con bailes musicales al ritmo de folklor venezolano y presentaciones simb\u00f3licas de la antigua historia de nuestra entidad guarique\u00f1a fue como inici\u00f3 este maravilloso despliegue que cont\u00f3 con una asistencia de 4 mil personas, con el fin de conmemorar el patrono de todos los sanjuaneros.<\/p>\n\n\n\n<p>En tal sentido, el gobernador del estado Gu\u00e1rico, Jos\u00e9 V\u00e1squez, estuvo presente y acompa\u00f1ado de la primera combatiente del estado y presidenta de la Fundaci\u00f3n Ni\u00f1o Sim\u00f3n, Dra. Fabiola de C\u00f3rdova, para disfrutar del desarrollo de este magno evento tradicional. Seguidamente, el Ejecutivo Regional, expres\u00f3 que esta semana es de celebraci\u00f3n y conmemoraci\u00f3n \u201cpodemos ver hoy un pueblo en la normalidad, a\u00fan cuid\u00e1ndose y siguiendo las normar de bioseguridad. Sin embargo, la poblaci\u00f3n est\u00e1 hoy en la calle feliz para honrar a San Juan El Bautista\u201d indic\u00f3 V\u00e1squez.<\/p>\n\n\n\n<p>Asimismo, agradeci\u00f3 a todas las instituciones presentes, a la Fuerza Armada Nacional Bolivariana por haber participado en este extraordinario desfile, siendo ejemplo de organizaci\u00f3n en el cual el comit\u00e9 encargado de la realizaci\u00f3n de las Ferias Morros 2022 ha generado articulaciones pertinentes para cumplir con el \u00e9xito y disfrute total. \u201cQue viva San Juan, Gu\u00e1rico y Venezuela\u201d, puntualiz\u00f3 el Gobernador de Gu\u00e1rico.<\/p>\n\n\n\n<p>Seguidamente, la tambi\u00e9n presidenta del Reinado Ferias Morros 2022, Fabiola de C\u00f3rdova, enfatiz\u00f3 que luego de dos a\u00f1os sin poder realizar este evento de tradici\u00f3n para los sanjuaneros \u201cseguimos con nuestras medidas de prevenci\u00f3n contra la covid-19. El pueblo merec\u00eda sus ferias y hoy en perfecta uni\u00f3n c\u00edvico-militar se ha realizado este hist\u00f3rico despliegue\u201d, coment\u00f3.<\/p>\n\n\n\n<p>Finalmente, De C\u00f3rdova elev\u00f3 la invitaci\u00f3n a todo el pueblo de Gu\u00e1rico de que asistan a la elecci\u00f3n de la \u201cReina de la Ferias Morros 2022\u201d, donde habr\u00e1 distintas actividades recreativas y religiosas para el deleite de los ciudadanos de la entidad llanera. <\/p>\n\n\n\n<p>Cabe destacar, que el G\/D\u00a0Nayade Solovenly Lockiby Belmontes, comandante de la Zodi-Gu\u00e1rico N\u00ba35, coment\u00f3 que \u201cvenimos en alianza para presenciar un desfile muy colorido, lleno de alegr\u00eda y lleno de mucha espiritualidad. Hubo una gran presencia de la poblaci\u00f3n, quiere decir que la uni\u00f3n c\u00edvico-militar est\u00e1 funcionando excelente\u201d.\/YF<\/p>\n\n\n\n<p><strong>Sibci Gu\u00e1rico<\/strong>   <\/p>\n\n\n\n<p><\/p>\n","protected":false},"excerpt":{"rendered":"<p>La ciudad de San Juan de los Morros fue el escenario donde el pueblo rosciano disfrut\u00f3 del primer gran desfile c\u00edvico-militar y policial en honor a San Juan Bautista, enmarcado en la agenda de actividades de las Ferias Morros 2022, en la cual \u00a0los 16 circuitos educativos y m\u00e1s de<\/p>\n","protected":false},"author":2,"featured_media":4956,"comment_status":"open","ping_status":"open","sticky":false,"template":"","format":"standard","meta":{"advanced_seo_description":"","jetpack_seo_html_title":"","jetpack_seo_noindex":false,"_jetpack_memberships_contains_paid_content":false,"footnotes":"","jetpack_publicize_message":"","jetpack_publicize_feature_enabled":true,"jetpack_social_post_already_shared":true,"jetpack_social_options":{"image_generator_settings":{"template":"highway","enabled":false},"version":2}},"categories":[66],"tags":[],"class_list":["post-4955","post","type-post","status-publish","format-standard","has-post-thumbnail","hentry","category-regionales",""],"jetpack_publicize_connections":[],"jetpack_featured_media_url":"https:\/\/webdealta.info\/wp-content\/uploads\/2022\/06\/Foto-1-2-3-El-pueblo-guariqueA\u00b1o-goza-y-disfruta-de-las-bellezas-culturales.jpg","jetpack_sharing_enabled":true,"jetpack_likes_enabled":true,"jetpack-related-posts":[],"jetpack_shortlink":"https:\/\/wp.me\/pcseDn-1hV","_links":{"self":[{"href":"https:\/\/webdealta.info\/index.php?rest_route=\/wp\/v2\/posts\/4955","targetHints":{"allow":["GET"]}}],"collection":[{"href":"https:\/\/webdealta.info\/index.php?rest_route=\/wp\/v2\/posts"}],"about":[{"href":"https:\/\/webdealta.info\/index.php?rest_route=\/wp\/v2\/types\/post"}],"author":[{"embeddable":true,"href":"https:\/\/webdealta.info\/index.php?rest_route=\/wp\/v2\/users\/2"}],"replies":[{"embeddable":true,"href":"https:\/\/webdealta.info\/index.php?rest_route=%2Fwp%2Fv2%2Fcomments&post=4955"}],"version-history":[{"count":1,"href":"https:\/\/webdealta.info\/index.php?rest_route=\/wp\/v2\/posts\/4955\/revisions"}],"predecessor-version":[{"id":4957,"href":"https:\/\/webdealta.info\/index.php?rest_route=\/wp\/v2\/posts\/4955\/revisions\/4957"}],"wp:featuredmedia":[{"embeddable":true,"href":"https:\/\/webdealta.info\/index.php?rest_route=\/wp\/v2\/media\/4956"}],"wp:attachment":[{"href":"https:\/\/webdealta.info\/index.php?rest_route=%2Fwp%2Fv2%2Fmedia&parent=4955"}],"wp:term":[{"taxonomy":"category","embeddable":true,"href":"https:\/\/webdealta.info\/index.php?rest_route=%2Fwp%2Fv2%2Fcategories&post=4955"},{"taxonomy":"post_tag","embeddable":true,"href":"https:\/\/webdealta.info\/index.php?rest_route=%2Fwp%2Fv2%2Ftags&post=4955"}],"curies":[{"name":"wp","href":"https:\/\/api.w.org\/{rel}","templated":true}]}}