{"id":4952,"date":"2022-06-22T12:53:52","date_gmt":"2022-06-22T16:53:52","guid":{"rendered":"https:\/\/webdealta.info\/?p=4952"},"modified":"2022-06-22T12:56:21","modified_gmt":"2022-06-22T16:56:21","slug":"propuso-siete-acciones-para-recuperar-el-patrimonio-cultural-de-lezama","status":"publish","type":"post","link":"https:\/\/webdealta.info\/?p=4952","title":{"rendered":"Propuso siete acciones para recuperar el Patrimonio Cultural de Lezama"},"content":{"rendered":"\n<p>Amanda Saldivia.-<\/p>\n\n\n\n<p>El abogado lezamense Miguel Ramos, desglos\u00f3 siete acciones para recuperar el patrimonio cultural de esa parroquia del municipio Jos\u00e9 Tadeo Monagas, Gu\u00e1rico, propuesta que hace ante la proximidad de la celebraci\u00f3n del D\u00eda de San Juan Bautista y la impactante realidad de ver transformada en ruinas, la otrora imponente Casa Amarilla y otras viviendas de valor hist\u00f3rico.<\/p>\n\n\n\n<p>En la actualidad solo quedan paredes de la Casa Amarilla, eso a pesar de que est\u00e1 en la lista de edificaciones protegidas por el Instituto de Patrimonio Cultural, raz\u00f3n por la cual el abogado Ramos, expres\u00f3 preocupaci\u00f3n por no existir \u201cen los \u00e1mbitos de nuestro municipio Jos\u00e9 Tadeo Monagas una pol\u00edtica p\u00fablica clara de protecci\u00f3n y restauraci\u00f3n del patrimonio cultural local, y especialmente en nuestra entidad parroquial lezamense\u201d.<\/p>\n\n\n\n<p>De all\u00ed, que plante\u00f3 siete puntos dirigidos a la \u201crecuperaci\u00f3n Integral del Patrimonio Cultural de la parroquia Lezama\u201d. El primero de ellos \u201cactualizar el inventario y evaluar las condiciones de los bienes patrimoniales; mientras en el segundo est\u00e1 orientado a dise\u00f1ar proyectos de informaci\u00f3n y educaci\u00f3n ciudadana para la promoci\u00f3n de la valoraci\u00f3n y el rescate del patrimonio cultural, a fin de sensibilizar y concientizar a la comunidad sobre lo que es el patrimonio cultural\u201d.<\/p>\n\n\n\n<p>Sobre ese segundo aspecto, Miguel Ramos expres\u00f3 que es evidente el desconocimiento del valor patrimonial que encierran muchos bienes que existen en la comunidad de Lezama, motivo por el cual en el tercer punto propuso que se deben \u201cestablecer mecanismos para la recuperaci\u00f3n y puesta en valor del patrimonio con pol\u00edticas p\u00fablicas que incentiven el desarrollo productivo local\u201d.<\/p>\n\n\n\n<p>Como punto cuarto, Miguel Ramos plante\u00f3 que se debe constituir una entidad, debidamente registrada conforme a la Ley, con el objeto espec\u00edfico de contribuir a conservar, proteger y atender el patrimonio cultural de Lezama y en el quinto, designar custodio y personal de mantenimiento para las instalaciones.<\/p>\n\n\n\n<p>En el sexto especific\u00f3 que se deben \u201crealizar todo lo que fuere necesario para la consecuci\u00f3n de los objetivos propuestos y en el s\u00e9ptimo \u201cinvitar a todos los lezamenses de Buena Voluntad a participar como Voluntarios de la presente causa\u201d.<\/p>\n\n\n\n<p>Durante la exposici\u00f3n de argumentos, el abogado Ramos mencion\u00f3 el art\u00edculo 99 de la Constituci\u00f3n de la Rep\u00fablica Bolivariana de Venezuela, en el cual se lee que \u201clos valores de la cultura constituyen un bien irrenunciable del pueblo venezolano y un derecho fundamental que el Estado fomentar\u00e1 y garantizar\u00e1, procurando las condiciones, instrumentos legales, medios y presupuestos necesarios\u201d.<\/p>\n\n\n\n<p>Igualmente cit\u00f3 la Ley de Protecci\u00f3n y Defensa del Patrimonio Cultural, que en el art\u00edculo 1, establece que tiene como objeto \u201clos principios que han de regir la defensa del Patrimonio Cultural de la Rep\u00fablica, comprendiendo \u00e9sta: su investigaci\u00f3n, rescate, preservaci\u00f3n, conservaci\u00f3n, restauraci\u00f3n, revitalizaci\u00f3n, revalorizaci\u00f3n, mantenimiento, incremento, exhibici\u00f3n, custodia, vigilancia, identificaci\u00f3n y todo cuanto requiera su protecci\u00f3n cultural, material y espiritual\u201d.<\/p>\n\n\n\n<p>Por \u00faltimo, el abogado Miguel Ramos insta a las autoridades competentes \u201cpara que de oficio realicen los tr\u00e1mites y actuaciones de rigor dirigidos a la defensa, rescate y conservaci\u00f3n del Patrimonio Cultural de Orituco, especial en Lezama\u201d.<\/p>\n\n\n\n<p>@amandasaldivia     <\/p>\n\n\n\n<p><\/p>\n","protected":false},"excerpt":{"rendered":"<p>Amanda Saldivia.- El abogado lezamense Miguel Ramos, desglos\u00f3 siete acciones para recuperar el patrimonio cultural de esa parroquia del municipio Jos\u00e9 Tadeo Monagas, Gu\u00e1rico, propuesta que hace ante la proximidad de la celebraci\u00f3n del D\u00eda de San Juan Bautista y la impactante realidad de ver transformada en ruinas, la otrora<\/p>\n","protected":false},"author":2,"featured_media":4953,"comment_status":"open","ping_status":"open","sticky":false,"template":"","format":"standard","meta":{"advanced_seo_description":"","jetpack_seo_html_title":"","jetpack_seo_noindex":false,"_jetpack_memberships_contains_paid_content":false,"footnotes":"","jetpack_publicize_message":"","jetpack_publicize_feature_enabled":true,"jetpack_social_post_already_shared":true,"jetpack_social_options":{"image_generator_settings":{"template":"highway","enabled":false},"version":2}},"categories":[317],"tags":[8,7,32],"class_list":["post-4952","post","type-post","status-publish","format-standard","has-post-thumbnail","hentry","category-patrimonio-cultural","tag-altagraciadeorituco","tag-guarico","tag-webdealta",""],"jetpack_publicize_connections":[],"jetpack_featured_media_url":"https:\/\/webdealta.info\/wp-content\/uploads\/2022\/06\/casa-amarilla-lezama-Webdealta.jpg","jetpack_sharing_enabled":true,"jetpack_likes_enabled":true,"jetpack-related-posts":[],"jetpack_shortlink":"https:\/\/wp.me\/pcseDn-1hS","_links":{"self":[{"href":"https:\/\/webdealta.info\/index.php?rest_route=\/wp\/v2\/posts\/4952","targetHints":{"allow":["GET"]}}],"collection":[{"href":"https:\/\/webdealta.info\/index.php?rest_route=\/wp\/v2\/posts"}],"about":[{"href":"https:\/\/webdealta.info\/index.php?rest_route=\/wp\/v2\/types\/post"}],"author":[{"embeddable":true,"href":"https:\/\/webdealta.info\/index.php?rest_route=\/wp\/v2\/users\/2"}],"replies":[{"embeddable":true,"href":"https:\/\/webdealta.info\/index.php?rest_route=%2Fwp%2Fv2%2Fcomments&post=4952"}],"version-history":[{"count":1,"href":"https:\/\/webdealta.info\/index.php?rest_route=\/wp\/v2\/posts\/4952\/revisions"}],"predecessor-version":[{"id":4954,"href":"https:\/\/webdealta.info\/index.php?rest_route=\/wp\/v2\/posts\/4952\/revisions\/4954"}],"wp:featuredmedia":[{"embeddable":true,"href":"https:\/\/webdealta.info\/index.php?rest_route=\/wp\/v2\/media\/4953"}],"wp:attachment":[{"href":"https:\/\/webdealta.info\/index.php?rest_route=%2Fwp%2Fv2%2Fmedia&parent=4952"}],"wp:term":[{"taxonomy":"category","embeddable":true,"href":"https:\/\/webdealta.info\/index.php?rest_route=%2Fwp%2Fv2%2Fcategories&post=4952"},{"taxonomy":"post_tag","embeddable":true,"href":"https:\/\/webdealta.info\/index.php?rest_route=%2Fwp%2Fv2%2Ftags&post=4952"}],"curies":[{"name":"wp","href":"https:\/\/api.w.org\/{rel}","templated":true}]}}