{"id":4947,"date":"2022-06-21T23:31:55","date_gmt":"2022-06-22T03:31:55","guid":{"rendered":"https:\/\/webdealta.info\/?p=4947"},"modified":"2022-06-21T23:31:56","modified_gmt":"2022-06-22T03:31:56","slug":"lezama-inicia-celebracion-en-honor-a-san-juan-bautista","status":"publish","type":"post","link":"https:\/\/webdealta.info\/?p=4947","title":{"rendered":"Lezama inicia celebraci\u00f3n en honor a San Juan Bautista"},"content":{"rendered":"\n<p>Amanda Saldivia.-<\/p>\n\n\n\n<p>En Tocaragua, zona ubicada a cuatro kil\u00f3metros aproximadamente de San Francisco Javier de Lezama, comenzar\u00e1 este mi\u00e9rcoles 22 de junio la celebraci\u00f3n en honor a San Juan Bautista, la cual seg\u00fan la leyenda se origin\u00f3 en esa hacienda del municipio Monagas, cuando el Santo se encontr\u00f3 con los esclavos, lo que dio origen a la tradici\u00f3n de los Negros Kimb\u00e1nganos.<\/p>\n\n\n\n<p>En una comunicaci\u00f3n emanada por la alcald\u00eda del municipio Monagas, se precisa que las actividades se cumplir\u00e1n desde este mi\u00e9rcoles 22 de junio hasta el pr\u00f3ximo s\u00e1bado 25, en la cual se cerrar\u00e1 la festividad en honor a San Juan con un atardecer llanero.<\/p>\n\n\n\n<p>La invitaci\u00f3n extendida en nombre del alcalde Pedro Sol\u00f3rzano y de la cofrad\u00eda de Negros Kimb\u00e1nganos de Lezama, especifica la programaci\u00f3n que compartimos:<\/p>\n\n\n\n<ul class=\"wp-block-list\"><li>Mi\u00e9rcoles 22: Bautizo del Santo San Juan Bautista. Hora: 10:00 am. Lugar: pozo Madre Vieja (Tocoragua). Habr\u00e1 procesi\u00f3n con la nueva imagen desde Tocoragua hasta Lezama.<\/li><li>Jueves 23: Bailorio en honor a San Juan Bautista. Hora: 6:00 pm. Lugar: Ruinas de la Casa Amarilla.<\/li><li>Viernes 24: Misa de Acci\u00f3n de Gracias. Hora: 9:00 am. Lugar: Iglesia San Francisco Javier de Lezama. Procesi\u00f3n en las calles de la comunidad.<\/li><li>S\u00e1bado 25: Atardecer Llanero, en la plaza Bol\u00edvar, con la participaci\u00f3n de varios artistas de la canta criolla, desde 4:00 pm.<\/li><\/ul>\n\n\n\n<p>@amandasaldivia    <\/p>\n\n\n\n<p>\u00a0Fotos reproducci\u00f3n del libro Los Negros Kimb\u00e1nganos de Lezama.   <\/p>\n\n\n\n<p><\/p>\n","protected":false},"excerpt":{"rendered":"<p>Amanda Saldivia.- En Tocaragua, zona ubicada a cuatro kil\u00f3metros aproximadamente de San Francisco Javier de Lezama, comenzar\u00e1 este mi\u00e9rcoles 22 de junio la celebraci\u00f3n en honor a San Juan Bautista, la cual seg\u00fan la leyenda se origin\u00f3 en esa hacienda del municipio Monagas, cuando el Santo se encontr\u00f3 con los<\/p>\n","protected":false},"author":2,"featured_media":4949,"comment_status":"open","ping_status":"open","sticky":false,"template":"","format":"standard","meta":{"advanced_seo_description":"","jetpack_seo_html_title":"","jetpack_seo_noindex":false,"_jetpack_memberships_contains_paid_content":false,"footnotes":"","jetpack_publicize_message":"","jetpack_publicize_feature_enabled":true,"jetpack_social_post_already_shared":true,"jetpack_social_options":{"image_generator_settings":{"template":"highway","enabled":false},"version":2}},"categories":[260],"tags":[8,7,32],"class_list":["post-4947","post","type-post","status-publish","format-standard","has-post-thumbnail","hentry","category-tradiciones","tag-altagraciadeorituco","tag-guarico","tag-webdealta",""],"jetpack_publicize_connections":[],"jetpack_featured_media_url":"https:\/\/webdealta.info\/wp-content\/uploads\/2022\/06\/San-Juan-en-Lezama-webdealta-1.png","jetpack_sharing_enabled":true,"jetpack_likes_enabled":true,"jetpack-related-posts":[],"jetpack_shortlink":"https:\/\/wp.me\/pcseDn-1hN","_links":{"self":[{"href":"https:\/\/webdealta.info\/index.php?rest_route=\/wp\/v2\/posts\/4947","targetHints":{"allow":["GET"]}}],"collection":[{"href":"https:\/\/webdealta.info\/index.php?rest_route=\/wp\/v2\/posts"}],"about":[{"href":"https:\/\/webdealta.info\/index.php?rest_route=\/wp\/v2\/types\/post"}],"author":[{"embeddable":true,"href":"https:\/\/webdealta.info\/index.php?rest_route=\/wp\/v2\/users\/2"}],"replies":[{"embeddable":true,"href":"https:\/\/webdealta.info\/index.php?rest_route=%2Fwp%2Fv2%2Fcomments&post=4947"}],"version-history":[{"count":1,"href":"https:\/\/webdealta.info\/index.php?rest_route=\/wp\/v2\/posts\/4947\/revisions"}],"predecessor-version":[{"id":4950,"href":"https:\/\/webdealta.info\/index.php?rest_route=\/wp\/v2\/posts\/4947\/revisions\/4950"}],"wp:featuredmedia":[{"embeddable":true,"href":"https:\/\/webdealta.info\/index.php?rest_route=\/wp\/v2\/media\/4949"}],"wp:attachment":[{"href":"https:\/\/webdealta.info\/index.php?rest_route=%2Fwp%2Fv2%2Fmedia&parent=4947"}],"wp:term":[{"taxonomy":"category","embeddable":true,"href":"https:\/\/webdealta.info\/index.php?rest_route=%2Fwp%2Fv2%2Fcategories&post=4947"},{"taxonomy":"post_tag","embeddable":true,"href":"https:\/\/webdealta.info\/index.php?rest_route=%2Fwp%2Fv2%2Ftags&post=4947"}],"curies":[{"name":"wp","href":"https:\/\/api.w.org\/{rel}","templated":true}]}}