{"id":4940,"date":"2022-06-21T07:08:55","date_gmt":"2022-06-21T11:08:55","guid":{"rendered":"https:\/\/webdealta.info\/?p=4940"},"modified":"2022-06-21T07:08:56","modified_gmt":"2022-06-21T11:08:56","slug":"clap-evalua-el-antes-y-el-despues-de-la-planta-de-llenado","status":"publish","type":"post","link":"https:\/\/webdealta.info\/?p=4940","title":{"rendered":"CLAP eval\u00faa el antes y el despu\u00e9s de la planta de llenado"},"content":{"rendered":"\n<p>Amanda Saldivia.-<\/p>\n\n\n\n<p>Para el Comit\u00e9 de Abastecimiento y Producci\u00f3n CLAP de Paural I, sector de Altagracia de Orituco, la planta de llenado de Digas Gu\u00e1rico en el municipio Monagas, marc\u00f3 una diferencia significativa en el acceso al gas dom\u00e9stico, pero consideran que es necesario incorporar unidades para la distribuci\u00f3n directa en las comunidades.<\/p>\n\n\n\n<p>Esa fue parte de la visi\u00f3n expresada por Andreina Torrealba, miembros del CLAP de esa comunidad, a quien consultamos sobre la evaluaci\u00f3n que hacia de este servicio, a partir de que entr\u00f3 un funcionamiento la planta de llenado Jos\u00e9 Tadeo Monagas, cuya construcci\u00f3n fue anunciada por el gobernador Jos\u00e9 V\u00e1squez a finales del mes de julio de 2021 e inaugurada antes de los comicios del 21 de noviembre, en los cuales result\u00f3 reelecto el mandatario regional.<\/p>\n\n\n\n<p>Andreina Torrealba agreg\u00f3, que ellos esperaban con \u201cgran expectativa\u201d la puesta en servicio de la planta de llenado de gas dom\u00e9stico, porque los lapsos de espera por despacho superaban los tres meses, lo que repercut\u00eda en la salud y el ambiente, por la utilizaci\u00f3n de fogones a le\u00f1a para la cocci\u00f3n de los alimentos.<\/p>\n\n\n\n<p>\u201cAhora gracias a la gesti\u00f3n del gobernador Jos\u00e9 V\u00e1squez, del general Dionisio Goncalvez y del todo el personal que labora en la planta, la realidad es que la atenci\u00f3n es una vez al mes o antes, si as\u00ed lo requiere la comunidad\u201d, expres\u00f3 Torrealba.<\/p>\n\n\n\n<p>Para esta l\u00edder vecinal, el \u00fanico inconveniente es que no existe la distribuci\u00f3n en las comunidades, lo que trae como consecuencia que como CLAP tengan que gestionar el flete y al \u201ccobrar un adicional para cubrir el transporte, hay inconformidad\u201d, motivo por el cual espera que puedan incorporar unidades, expres\u00f3 Andreina Torrealba para finalizar.   <\/p>\n\n\n\n<p>@amandasaldivia    <\/p>\n\n\n\n<p><\/p>\n","protected":false},"excerpt":{"rendered":"<p>Amanda Saldivia.- Para el Comit\u00e9 de Abastecimiento y Producci\u00f3n CLAP de Paural I, sector de Altagracia de Orituco, la planta de llenado de Digas Gu\u00e1rico en el municipio Monagas, marc\u00f3 una diferencia significativa en el acceso al gas dom\u00e9stico, pero consideran que es necesario incorporar unidades para la distribuci\u00f3n directa<\/p>\n","protected":false},"author":2,"featured_media":4941,"comment_status":"open","ping_status":"open","sticky":false,"template":"","format":"standard","meta":{"advanced_seo_description":"","jetpack_seo_html_title":"","jetpack_seo_noindex":false,"_jetpack_memberships_contains_paid_content":false,"footnotes":"","jetpack_publicize_message":"","jetpack_publicize_feature_enabled":true,"jetpack_social_post_already_shared":true,"jetpack_social_options":{"image_generator_settings":{"template":"highway","enabled":false},"version":2}},"categories":[22],"tags":[8,7,32],"class_list":["post-4940","post","type-post","status-publish","format-standard","has-post-thumbnail","hentry","category-gas-domestico","tag-altagraciadeorituco","tag-guarico","tag-webdealta",""],"jetpack_publicize_connections":[],"jetpack_featured_media_url":"https:\/\/webdealta.info\/wp-content\/uploads\/2022\/06\/planta-de-llenado-digas-guarico.png","jetpack_sharing_enabled":true,"jetpack_likes_enabled":true,"jetpack-related-posts":[],"jetpack_shortlink":"https:\/\/wp.me\/pcseDn-1hG","_links":{"self":[{"href":"https:\/\/webdealta.info\/index.php?rest_route=\/wp\/v2\/posts\/4940","targetHints":{"allow":["GET"]}}],"collection":[{"href":"https:\/\/webdealta.info\/index.php?rest_route=\/wp\/v2\/posts"}],"about":[{"href":"https:\/\/webdealta.info\/index.php?rest_route=\/wp\/v2\/types\/post"}],"author":[{"embeddable":true,"href":"https:\/\/webdealta.info\/index.php?rest_route=\/wp\/v2\/users\/2"}],"replies":[{"embeddable":true,"href":"https:\/\/webdealta.info\/index.php?rest_route=%2Fwp%2Fv2%2Fcomments&post=4940"}],"version-history":[{"count":1,"href":"https:\/\/webdealta.info\/index.php?rest_route=\/wp\/v2\/posts\/4940\/revisions"}],"predecessor-version":[{"id":4942,"href":"https:\/\/webdealta.info\/index.php?rest_route=\/wp\/v2\/posts\/4940\/revisions\/4942"}],"wp:featuredmedia":[{"embeddable":true,"href":"https:\/\/webdealta.info\/index.php?rest_route=\/wp\/v2\/media\/4941"}],"wp:attachment":[{"href":"https:\/\/webdealta.info\/index.php?rest_route=%2Fwp%2Fv2%2Fmedia&parent=4940"}],"wp:term":[{"taxonomy":"category","embeddable":true,"href":"https:\/\/webdealta.info\/index.php?rest_route=%2Fwp%2Fv2%2Fcategories&post=4940"},{"taxonomy":"post_tag","embeddable":true,"href":"https:\/\/webdealta.info\/index.php?rest_route=%2Fwp%2Fv2%2Ftags&post=4940"}],"curies":[{"name":"wp","href":"https:\/\/api.w.org\/{rel}","templated":true}]}}