{"id":4926,"date":"2022-06-16T22:22:28","date_gmt":"2022-06-17T02:22:28","guid":{"rendered":"https:\/\/webdealta.info\/?p=4926"},"modified":"2022-06-16T22:22:30","modified_gmt":"2022-06-17T02:22:30","slug":"rafael-gota-esa-es-mi-meta-que-no-se-muera-esta-tradicion","status":"publish","type":"post","link":"https:\/\/webdealta.info\/?p=4926","title":{"rendered":"Rafael Gota: \u201cesa es mi meta, que no se muera esta tradici\u00f3n\u201d"},"content":{"rendered":"\n<p>Amanda Saldivia.-<\/p>\n\n\n\n<p>A los 8 a\u00f1os de edad, Rafael Gota, habitante de San Rafael de Orituco, pueblo guarique\u00f1o con casas de tejas y una iglesia que fue construida a finales del siglo XVIII, se uni\u00f3 a los Diablos Danzantes, tradici\u00f3n que no tiene fecha precisa en esta regi\u00f3n de Venezuela, pero que s\u00ed se conoce que Antonio Aular la realz\u00f3 entre los a\u00f1os 1935 -1945.<\/p>\n\n\n\n<p>Fue tanto el inter\u00e9s que vio el se\u00f1or Aular en Rafael Gota, que antes de morir les dijo a sus hijos que delegaran en \u00e9l la responsabilidad de presidir los Diablos Danzantes de San Rafael de Orituco, labor que desempe\u00f1a desde hace 40 a\u00f1os y que cuida celosamente para conservarla, porque adem\u00e1s fue el mandato que le dio la UNESCO, al declararlos Patrimonio Inmaterial de la Humanidad en el a\u00f1o 2012, junto a otras 10 diabladas de Venezuela.<\/p>\n\n\n\n<p><strong>\u00bfQu\u00e9 significa el D\u00eda de Corpus Christi para el presidente de la cofrad\u00eda?<\/strong><\/p>\n\n\n\n<ul class=\"wp-block-list\"><li>Este d\u00eda, es el d\u00eda m\u00e1s hermoso y grandioso en mi vida, es el D\u00eda de Corpus Christi, como lo es para el mundo entero, porque hoy es un d\u00eda grandioso, tal cual un jueves Santo, hay tres jueves en el a\u00f1o que causan admiraci\u00f3n, jueves Santo, Corpus Christi y jueves de la ascensi\u00f3n, este es un d\u00eda inmenso para m\u00ed, que he pertenecido a esta danza desde el a\u00f1o 68, entr\u00e9 con apenas 8 a\u00f1os, ya tengo 62, 40 a\u00f1os ya a mi cargo como presidente de la cofrad\u00eda.<\/li><\/ul>\n\n\n\n<p><strong>\u00bfY qu\u00e9 es lo que pide Rafael Gota este a\u00f1o, porque se acostumbra hacer peticiones?<\/strong><\/p>\n\n\n\n<ul class=\"wp-block-list\"><li>Este a\u00f1o pedir\u00eda, como otros atr\u00e1s, que le presten m\u00e1s atenci\u00f3n a esta tradici\u00f3n, porque los Diablos Danzantes no son de Rafael Gota, estos son del pueblo, del municipio, del estado y del pa\u00eds entero, ahora que fuimos nombrados Patrimonio Inmaterial de la Humanidad &nbsp;y esta es la \u00fanica danza que tiene el estado Gu\u00e1rico, no dejarla perder, me gustar\u00eda que nombrar\u00e1n este d\u00eda como D\u00eda de J\u00fabilo, porque f\u00edjese que personas no vienen porque tienen que trabajar, unos que est\u00e1n trabajando, otros que se fueron del pa\u00eds, otros que no me est\u00e1n bailando, porque&nbsp; no tienen traje, ya no les queda, entonces bueno, le pido al Sant\u00edsimo Sacramento que me ayude en esto.<\/li><\/ul>\n\n\n\n<p><strong>\u00bfCu\u00e1l es el ritual que se sigue este D\u00eda de Corpus Christi?<\/strong><\/p>\n\n\n\n<ul class=\"wp-block-list\"><li>Se hace la petici\u00f3n al Sant\u00edsimo para que todos los diablos, los que bailan diablos danzantes se aboquen a la danza y hoy precisamente es cuando m\u00e1s empezamos a recorrer las calles, a visitar la casa del se\u00f1or Aular, que fue quien inici\u00f3 esta danza, de tantos a\u00f1os de haber estado perdida, \u00e9l fue quien la reinici\u00f3 en los a\u00f1os 35, 45 por ah\u00ed y hasta el sol de hoy la mantengo yo y trato de hacer lo mejor posible, como ellos lo hac\u00edan en aquellos tiempos.<\/li><\/ul>\n\n\n\n<p><strong>Yo not\u00e9 que ven\u00edan en el recorrido, posteriormente hicieron la danza hasta la entrada de la iglesia y all\u00ed todos se quitaron la m\u00e1scara \u00bfqu\u00e9 simboliza eso, porque ustedes no entran a la misa?<\/strong><\/p>\n\n\n\n<ul class=\"wp-block-list\"><li>Mira, aqu\u00ed nosotros estamos haciendo la semejanza de que es el diablo que viene a interrumpir la misa, es cuando se quitan las m\u00e1scaras como demostraci\u00f3n, porque estamos haciendo la semejanza del diablo, en la quitada de la m\u00e1scara estamos demostrando que somos gente cristianos como todos y o\u00edmos la misa, pero los diablos no entran a la iglesia, los de aqu\u00ed en nuestro estado, porque en otros estados hay unos que entran y otros que no. En lo que venga saliendo la procesi\u00f3n, est\u00e1 haciendo la semejanza de que el Sant\u00edsimo y el padre vienen es a retirar al demonio de la iglesia, esa es la gesti\u00f3n que se hace cuando salgamos en procesi\u00f3n, recorremos los altares, entran los diablos y el Sant\u00edsimo llega y los saca y los va sacando y despu\u00e9s viene trayendo a los diablos a la iglesia nuevamente, nos bendice, los riega con agua bendita y de all\u00ed en adelante es que los Diablos Danzantes agarra el pueblo para donde sea.<\/li><\/ul>\n\n\n\n<p>\u00bf<strong>El mal se rinde ante el bien, ante el Sant\u00edsimo Sacramento?<\/strong><\/p>\n\n\n\n<ul class=\"wp-block-list\"><li>Si, y la vestimenta del rojo y del negro es la protecci\u00f3n del verdadero demonio, porque el diablo en este momento est\u00e1 enfurecido contra nosotros, porque nos estamos rindiendo ante Dios y por eso usamos el rojo y el negro. Estamos todos cruzados, porque un ni\u00f1o cuando tienen mal de ojo le ponen una tirita en la mano y la otra en el pie, cruzado, esa es la gesti\u00f3n que tenemos que hacer.<\/li><\/ul>\n\n\n\n<p><strong>Por eso es cruzado, tambi\u00e9n el traje \u00a0<\/strong><\/p>\n\n\n\n<ul class=\"wp-block-list\"><li>El traje, usamos las cruces, podemos usar rosarios, escapularios, cosas que nos protejan del verdadero demonio.<\/li><\/ul>\n\n\n\n<p><strong>Yo recuerdo que aqu\u00ed hubo un encuentro de diabladas, que son 11 en el pa\u00eds, cierto.<\/strong><\/p>\n\n\n\n<ul class=\"wp-block-list\"><li>Somos 11 diabladas, que le rendimos culto al Sant\u00edsimo, verdad, fueran 12 con la de Guacara, pero la de Guacara la est\u00e1 comandando una mujer y en las confrad\u00edas, la mujer puede participar, pero m\u00e1s no como capatazas, es puro capataz y en Guacara la comanda es una mujer y no ha querido soltarlo, porque eso era del pap\u00e1 y el pap\u00e1 muri\u00f3 y ella no acepta que un hombre est\u00e9 al frente.<\/li><\/ul>\n\n\n\n<p><strong>Ustedes ten\u00edan much\u00edsimas expectativas, nosotros los acompa\u00f1amos a ustedes durante esa declaraci\u00f3n de Patrimonio Inmaterial de la Humanidad en el a\u00f1o 2012 y se hablaba de la creaci\u00f3n de un museo, de mayores recursos, porque esa era la idea, que ha pasado de all\u00e1 hasta ac\u00e1, tu sientes que eso se perdi\u00f3 en el tiempo<\/strong><\/p>\n\n\n\n<ul class=\"wp-block-list\"><li>Si, mira, cuando estaba el ministro Calzadilla, se hab\u00eda resuelto, incluso all\u00e1 en la diversidad cultural en Caracas, en frente de todas las diabladas \u00e9l me dijo \u201cte tengo los reales para las casa de los diablos de San Rafael\u201d, que era la que est\u00e1 ac\u00e1 en la esquina al lado de la iglesia, esa la estaban vendiendo en aquel entonces en 500 y ya el ten\u00eda los reales, &nbsp;me lo dijo delante de todos los diablos, pero luego me lo cambian de ministro, ahora es presidente del CNE, bueno cuando yo fui a hacer el reclamo dije, \u201cmire pero cuando el ministro Calzadilla \u00e9l me asegur\u00f3 que ten\u00eda la plata para esa casa\u201d y no que Calzadilla lo hab\u00eda dicho era de boca, que no dej\u00f3 nada escrito y eso se qued\u00f3 ah\u00ed, se qued\u00f3 en veremos.<\/li><\/ul>\n\n\n\n<p><strong>Yo admiro de que a pesar de que como dice ya necesitan desde las alpargatas, los trajes, m\u00e1s apoyo, yo siento que el pueblo de San Rafael tiene aqu\u00ed armado los altares, que siguen haciendo y manteniendo esta tradici\u00f3n viva<\/strong><\/p>\n\n\n\n<ul class=\"wp-block-list\"><li>Si esa es mi meta que no se muera esta tradici\u00f3n, porque el d\u00eda de ma\u00f1ana yo fallezca bueno, espero que alguno de estos muchachos agarre las riendas, si los m\u00edos no quieren seguir, alguno de estos otros muchachos lo hagan.<\/li><\/ul>\n\n\n\n<p><strong>\u00bfC\u00f3mo se toca ese tambor, c\u00f3mo se tocan esas maracas, c\u00f3mo se toca el cuatro, eso est\u00e1 pasando de generaci\u00f3n en generaci\u00f3n, no hay nada escrito?<\/strong><\/p>\n\n\n\n<ul class=\"wp-block-list\"><li>Si, sin que tenga nada escrito, por ejemplo en mi caso que el se\u00f1or Aular se fij\u00f3 en m\u00ed, porque yo aprend\u00ed todas las cosas de los diablos, aprend\u00ed como el cuatro, aprend\u00ed la tambora, c\u00f3mo baila la diabla, qu\u00e9 es lo que hace el diablo mayor, c\u00f3mo se baila en parejas y me imagino que por eso ser\u00eda, que en su momento de su enfermedad, le pidi\u00f3 a los hijos que me entregar\u00e1n eso a m\u00ed, porque yo era el mandao para continuar esta danza y bueno y no se equivoc\u00f3, porque aqu\u00ed se lo estoy cumpliendo, se la lleve a ser Patrimonio Inmaterial de la Humanidad.  <\/li><\/ul>\n\n\n\n<p>@amandasaldivia<\/p>\n\n\n\n<p><\/p>\n","protected":false},"excerpt":{"rendered":"<p>Amanda Saldivia.- A los 8 a\u00f1os de edad, Rafael Gota, habitante de San Rafael de Orituco, pueblo guarique\u00f1o con casas de tejas y una iglesia que fue construida a finales del siglo XVIII, se uni\u00f3 a los Diablos Danzantes, tradici\u00f3n que no tiene fecha precisa en esta regi\u00f3n de Venezuela,<\/p>\n","protected":false},"author":2,"featured_media":4927,"comment_status":"open","ping_status":"open","sticky":false,"template":"","format":"standard","meta":{"advanced_seo_description":"","jetpack_seo_html_title":"","jetpack_seo_noindex":false,"_jetpack_memberships_contains_paid_content":false,"footnotes":"","jetpack_publicize_message":"","jetpack_publicize_feature_enabled":true,"jetpack_social_post_already_shared":true,"jetpack_social_options":{"image_generator_settings":{"template":"highway","enabled":false},"version":2}},"categories":[260],"tags":[8,7,32],"class_list":["post-4926","post","type-post","status-publish","format-standard","has-post-thumbnail","hentry","category-tradiciones","tag-altagraciadeorituco","tag-guarico","tag-webdealta",""],"jetpack_publicize_connections":[],"jetpack_featured_media_url":"https:\/\/webdealta.info\/wp-content\/uploads\/2022\/06\/Rafael-Gota-diablos-danzantes-de-San-Rafael-webdealta.jpg","jetpack_sharing_enabled":true,"jetpack_likes_enabled":true,"jetpack-related-posts":[],"jetpack_shortlink":"https:\/\/wp.me\/pcseDn-1hs","_links":{"self":[{"href":"https:\/\/webdealta.info\/index.php?rest_route=\/wp\/v2\/posts\/4926","targetHints":{"allow":["GET"]}}],"collection":[{"href":"https:\/\/webdealta.info\/index.php?rest_route=\/wp\/v2\/posts"}],"about":[{"href":"https:\/\/webdealta.info\/index.php?rest_route=\/wp\/v2\/types\/post"}],"author":[{"embeddable":true,"href":"https:\/\/webdealta.info\/index.php?rest_route=\/wp\/v2\/users\/2"}],"replies":[{"embeddable":true,"href":"https:\/\/webdealta.info\/index.php?rest_route=%2Fwp%2Fv2%2Fcomments&post=4926"}],"version-history":[{"count":1,"href":"https:\/\/webdealta.info\/index.php?rest_route=\/wp\/v2\/posts\/4926\/revisions"}],"predecessor-version":[{"id":4928,"href":"https:\/\/webdealta.info\/index.php?rest_route=\/wp\/v2\/posts\/4926\/revisions\/4928"}],"wp:featuredmedia":[{"embeddable":true,"href":"https:\/\/webdealta.info\/index.php?rest_route=\/wp\/v2\/media\/4927"}],"wp:attachment":[{"href":"https:\/\/webdealta.info\/index.php?rest_route=%2Fwp%2Fv2%2Fmedia&parent=4926"}],"wp:term":[{"taxonomy":"category","embeddable":true,"href":"https:\/\/webdealta.info\/index.php?rest_route=%2Fwp%2Fv2%2Fcategories&post=4926"},{"taxonomy":"post_tag","embeddable":true,"href":"https:\/\/webdealta.info\/index.php?rest_route=%2Fwp%2Fv2%2Ftags&post=4926"}],"curies":[{"name":"wp","href":"https:\/\/api.w.org\/{rel}","templated":true}]}}