{"id":4921,"date":"2022-06-15T23:45:15","date_gmt":"2022-06-16T03:45:15","guid":{"rendered":"https:\/\/webdealta.info\/?p=4921"},"modified":"2022-06-15T23:45:15","modified_gmt":"2022-06-16T03:45:15","slug":"alcalde-de-guaribe-anuncio-reparacion-de-alcantarillas-en-troncal-11","status":"publish","type":"post","link":"https:\/\/webdealta.info\/?p=4921","title":{"rendered":"Alcalde de Guaribe anunci\u00f3 reparaci\u00f3n de alcantarillas en troncal 11"},"content":{"rendered":"\n<p>Amanda Saldivia.-<\/p>\n\n\n\n<p>En los \u00faltimos dos a\u00f1os el paso por la troncal 11, v\u00eda oriente, quedaba interrumpido por el colapso de alcantarillas durante el per\u00edodo lluvioso, lo que tra\u00eda como consecuencia la imposibilidad de transportar rubros b\u00e1sicos como alimentos, adem\u00e1s de gasolina y gas dom\u00e9stico entre los estados Anzo\u00e1tegui y Gu\u00e1rico, por lapsos que en oportunidades superaron las dos semanas.<\/p>\n\n\n\n<p>Este a\u00f1o 2022, Julio Yanez, alcalde de San Jos\u00e9 de Guaribe, anunci\u00f3 que ejecutan trabajos de forma \u201ccorrectiva y preventiva\u201d para garantizar el tr\u00e1nsito por la troncal 11, con la mancomunidad entre el gobierno nacional, a trav\u00e9s del Ministerio de Transporte, el Ministerio de Obras P\u00fablicas; la Secretar\u00eda de Infraestructura y Construvialgua de la gobernaci\u00f3n del estado Gu\u00e1rico y ellos como instancia municipal.<\/p>\n\n\n\n<p>\u201cEstamos espec\u00edficamente en la geograf\u00eda que enmarca el territorio municipal, desde el sector Las Aguaditas que es el l\u00edmite con el municipio Carvajal del estado Anzo\u00e1tegui, hasta la parroquia Soublette, en la comunidad Arenitas, que all\u00ed se inicia la hermandad con el municipio Monagas, estamos realizando un trabajo de mantenimiento vial\u201d, especific\u00f3 el alcalde Julio Yanez en un contacto con el programa Tiempo de Cambios que es conducido por la redactora de esta nota de prensa y que se transmite por la emisora Activa 104.9 FM de Altagracia de Orituco.<\/p>\n\n\n\n<p>En cuanto a los trabajos en ejecuci\u00f3n, Yanez precis\u00f3 que se trata de \u201cdespeje de todas y cada una de las \u00e1reas, de las laterales para ir corrigiendo y dar el mantenimiento preventivo y correctivo a las diferentes fallas de borde\u201d, antes de que colapsen al avanzar la temporada de lluvias.<\/p>\n\n\n\n<p>En las declaraciones, el alcalde de San Jos\u00e9 de Guaribe, insisti\u00f3 en que se trata de un trabajo mancomunado, en el cual est\u00e1n involucradas todas las instancias de gobierno y mencion\u00f3 al presidente Nicol\u00e1s Maduro, a los ministros Vel\u00e1squez Araguayan (Transporte) y Paredes (Obras P\u00fablicas), ambos generales; as\u00ed como tambi\u00e9n al gobernador Jos\u00e9 V\u00e1squez, quien deleg\u00f3 la responsabilidad en Sergio Rodr\u00edguez, Secretario de Infraestructura y Maricarmen Monsalve, presidente de Construvialgua.<\/p>\n\n\n\n<p>Igualmente, destac\u00f3 el apoyo que ha recibido de parte de Carmen Roca, quien tiene la concesi\u00f3n de la estaci\u00f3n de servicios Urimare de Altagracia de Orituco, porque ha garantizado el di\u00e9sel para que los trabajos no se paralicen.<\/p>\n\n\n\n<p>@amandasaldivia <\/p>\n\n\n\n<p>Foto cortes\u00eda alcald\u00eda de Guaribe<\/p>\n","protected":false},"excerpt":{"rendered":"<p>Amanda Saldivia.- En los \u00faltimos dos a\u00f1os el paso por la troncal 11, v\u00eda oriente, quedaba interrumpido por el colapso de alcantarillas durante el per\u00edodo lluvioso, lo que tra\u00eda como consecuencia la imposibilidad de transportar rubros b\u00e1sicos como alimentos, adem\u00e1s de gasolina y gas dom\u00e9stico entre los estados Anzo\u00e1tegui y<\/p>\n","protected":false},"author":2,"featured_media":4922,"comment_status":"open","ping_status":"open","sticky":false,"template":"","format":"standard","meta":{"advanced_seo_description":"","jetpack_seo_html_title":"","jetpack_seo_noindex":false,"_jetpack_memberships_contains_paid_content":false,"footnotes":"","jetpack_publicize_message":"","jetpack_publicize_feature_enabled":true,"jetpack_social_post_already_shared":true,"jetpack_social_options":{"image_generator_settings":{"template":"highway","enabled":false},"version":2}},"categories":[16],"tags":[8,7,32],"class_list":["post-4921","post","type-post","status-publish","format-standard","has-post-thumbnail","hentry","category-vialidad","tag-altagraciadeorituco","tag-guarico","tag-webdealta",""],"jetpack_publicize_connections":[],"jetpack_featured_media_url":"https:\/\/webdealta.info\/wp-content\/uploads\/2022\/06\/alcalde-webdealta-vialidad.jpg","jetpack_sharing_enabled":true,"jetpack_likes_enabled":true,"jetpack-related-posts":[],"jetpack_shortlink":"https:\/\/wp.me\/pcseDn-1hn","_links":{"self":[{"href":"https:\/\/webdealta.info\/index.php?rest_route=\/wp\/v2\/posts\/4921","targetHints":{"allow":["GET"]}}],"collection":[{"href":"https:\/\/webdealta.info\/index.php?rest_route=\/wp\/v2\/posts"}],"about":[{"href":"https:\/\/webdealta.info\/index.php?rest_route=\/wp\/v2\/types\/post"}],"author":[{"embeddable":true,"href":"https:\/\/webdealta.info\/index.php?rest_route=\/wp\/v2\/users\/2"}],"replies":[{"embeddable":true,"href":"https:\/\/webdealta.info\/index.php?rest_route=%2Fwp%2Fv2%2Fcomments&post=4921"}],"version-history":[{"count":1,"href":"https:\/\/webdealta.info\/index.php?rest_route=\/wp\/v2\/posts\/4921\/revisions"}],"predecessor-version":[{"id":4923,"href":"https:\/\/webdealta.info\/index.php?rest_route=\/wp\/v2\/posts\/4921\/revisions\/4923"}],"wp:featuredmedia":[{"embeddable":true,"href":"https:\/\/webdealta.info\/index.php?rest_route=\/wp\/v2\/media\/4922"}],"wp:attachment":[{"href":"https:\/\/webdealta.info\/index.php?rest_route=%2Fwp%2Fv2%2Fmedia&parent=4921"}],"wp:term":[{"taxonomy":"category","embeddable":true,"href":"https:\/\/webdealta.info\/index.php?rest_route=%2Fwp%2Fv2%2Fcategories&post=4921"},{"taxonomy":"post_tag","embeddable":true,"href":"https:\/\/webdealta.info\/index.php?rest_route=%2Fwp%2Fv2%2Ftags&post=4921"}],"curies":[{"name":"wp","href":"https:\/\/api.w.org\/{rel}","templated":true}]}}