{"id":4915,"date":"2022-06-15T20:56:50","date_gmt":"2022-06-16T00:56:50","guid":{"rendered":"https:\/\/webdealta.info\/?p=4915"},"modified":"2022-06-15T20:56:51","modified_gmt":"2022-06-16T00:56:51","slug":"cantv-informo-que-trabajan-para-restablecer-servicio-aba","status":"publish","type":"post","link":"https:\/\/webdealta.info\/?p=4915","title":{"rendered":"CANTV inform\u00f3 que trabajan para restablecer servicio ABA"},"content":{"rendered":"\n<p>Amanda Saldivia.-<\/p>\n\n\n\n<p>En horas de la tarde de este mi\u00e9rcoles 15 de junio, CANTV inform\u00f3 que \u201cpersonal especializado de la empresa inici\u00f3 las maniobras necesarias para restablecer la conectividad\u201d del servicio de ABA en Altagracia de Orituco, Gu\u00e1rico, el cual presenta fallas desde el pasado lunes, en horas de la noche.<\/p>\n\n\n\n<p>Desde ese momento, rein\u00f3 la incertidumbre sobre las razones de la suspensi\u00f3n, pero fue en horas de la tarde de este mi\u00e9rcoles cuando CANTV, a trav\u00e9s de la red social Twitter inform\u00f3 que \u201cmotivado a incidencia t\u00e9cnica, el servicio de internet presenta afectaci\u00f3n para suscriptores residenciales e instituciones, p\u00fablicas y privadas, en Altagracia de Orituco, en el estado Gu\u00e1rico.<\/p>\n\n\n\n<p>La respuesta es motivada a la cantidad de mensajes, que por medio de esa red enviaron suscriptores, quienes tambi\u00e9n reportaron a medios locales no disponer del servicio desde el lunes 13 de junio, mientras en otras zonas es intermitente.<\/p>\n\n\n\n<p>Al momento de publicar esta nota de prensa, la situaci\u00f3n es la misma. En el comunicado no especifican tiempo estimado, solo la empresa \u201cagradece la comprensi\u00f3n de los usuarios, mientras avanza las labores de restituci\u00f3n\u201d. As\u00ed se lee en un tuit.<\/p>\n\n\n\n<p>@amandasaldivia   <\/p>\n\n\n\n<p><\/p>\n","protected":false},"excerpt":{"rendered":"<p>Amanda Saldivia.- En horas de la tarde de este mi\u00e9rcoles 15 de junio, CANTV inform\u00f3 que \u201cpersonal especializado de la empresa inici\u00f3 las maniobras necesarias para restablecer la conectividad\u201d del servicio de ABA en Altagracia de Orituco, Gu\u00e1rico, el cual presenta fallas desde el pasado lunes, en horas de la<\/p>\n","protected":false},"author":2,"featured_media":4916,"comment_status":"open","ping_status":"open","sticky":false,"template":"","format":"standard","meta":{"advanced_seo_description":"","jetpack_seo_html_title":"","jetpack_seo_noindex":false,"_jetpack_memberships_contains_paid_content":false,"footnotes":"","jetpack_publicize_message":"","jetpack_publicize_feature_enabled":true,"jetpack_social_post_already_shared":true,"jetpack_social_options":{"image_generator_settings":{"template":"highway","enabled":false},"version":2}},"categories":[268],"tags":[8,7,32],"class_list":["post-4915","post","type-post","status-publish","format-standard","has-post-thumbnail","hentry","category-servicios-publicos","tag-altagraciadeorituco","tag-guarico","tag-webdealta",""],"jetpack_publicize_connections":[],"jetpack_featured_media_url":"https:\/\/webdealta.info\/wp-content\/uploads\/2022\/06\/cantv-1-webdealta.png","jetpack_sharing_enabled":true,"jetpack_likes_enabled":true,"jetpack-related-posts":[],"jetpack_shortlink":"https:\/\/wp.me\/pcseDn-1hh","_links":{"self":[{"href":"https:\/\/webdealta.info\/index.php?rest_route=\/wp\/v2\/posts\/4915","targetHints":{"allow":["GET"]}}],"collection":[{"href":"https:\/\/webdealta.info\/index.php?rest_route=\/wp\/v2\/posts"}],"about":[{"href":"https:\/\/webdealta.info\/index.php?rest_route=\/wp\/v2\/types\/post"}],"author":[{"embeddable":true,"href":"https:\/\/webdealta.info\/index.php?rest_route=\/wp\/v2\/users\/2"}],"replies":[{"embeddable":true,"href":"https:\/\/webdealta.info\/index.php?rest_route=%2Fwp%2Fv2%2Fcomments&post=4915"}],"version-history":[{"count":1,"href":"https:\/\/webdealta.info\/index.php?rest_route=\/wp\/v2\/posts\/4915\/revisions"}],"predecessor-version":[{"id":4917,"href":"https:\/\/webdealta.info\/index.php?rest_route=\/wp\/v2\/posts\/4915\/revisions\/4917"}],"wp:featuredmedia":[{"embeddable":true,"href":"https:\/\/webdealta.info\/index.php?rest_route=\/wp\/v2\/media\/4916"}],"wp:attachment":[{"href":"https:\/\/webdealta.info\/index.php?rest_route=%2Fwp%2Fv2%2Fmedia&parent=4915"}],"wp:term":[{"taxonomy":"category","embeddable":true,"href":"https:\/\/webdealta.info\/index.php?rest_route=%2Fwp%2Fv2%2Fcategories&post=4915"},{"taxonomy":"post_tag","embeddable":true,"href":"https:\/\/webdealta.info\/index.php?rest_route=%2Fwp%2Fv2%2Ftags&post=4915"}],"curies":[{"name":"wp","href":"https:\/\/api.w.org\/{rel}","templated":true}]}}