{"id":4911,"date":"2022-06-15T20:32:23","date_gmt":"2022-06-16T00:32:23","guid":{"rendered":"https:\/\/webdealta.info\/?p=4911"},"modified":"2022-06-15T21:02:00","modified_gmt":"2022-06-16T01:02:00","slug":"gracitano-desaparecio-en-trocha-entre-cucuta-y-san-antonio","status":"publish","type":"post","link":"https:\/\/webdealta.info\/?p=4911","title":{"rendered":"Gracitano desapareci\u00f3 en trocha entre C\u00facuta y San Antonio"},"content":{"rendered":"\n<p>Amanda Saldivia.-<\/p>\n\n\n\n<p>El 17 de octubre de 2021, a las 9:30 de la ma\u00f1ana, fue el \u00faltimo contacto que tuvo Eli\u00e9cer Antonio Hern\u00e1ndez Madriz con su familia radicada en Altagracia de Orituco, cuando les confirm\u00f3 que iba a cruzar la trocha entre C\u00facuta y San Antonio del T\u00e1chira, para emprender el regreso a este poblado guarique\u00f1o, con la finalidad de asistir al sepelio de su madre, la se\u00f1ora Elena Madriz.<\/p>\n\n\n\n<p>Este joven, de 28 a\u00f1os de edad, dedicado a la barber\u00eda, hab\u00eda partido tres a\u00f1os antes a C\u00facuta y al enterarse del fallecimiento de su madre decidi\u00f3 regresar, pero nunca lleg\u00f3 a su destino. Esa fue la versi\u00f3n aportada por Mayerlin Madriz y Alexandra Ortu\u00f1o, hermanas del joven desaparecido, quienes recientemente emprendieron una campa\u00f1a por redes sociales y contactos con medios de comunicaci\u00f3n social, a los fines de dar con el paradero de este gracitano, quien habitaba en el sector Guaiquer\u00edes de esta localidad.<\/p>\n\n\n\n<p>Entre los datos aportados por las hermanas, destaca que Eliecer Hern\u00e1ndez cruz\u00f3 la trocha entre ambos pa\u00edses, en compa\u00f1\u00eda de la mujer con quien conviv\u00eda en C\u00facuta, de nombre Adelaida Vargas Rodr\u00edguez, de nacionalidad colombiana.<\/p>\n\n\n\n<p>Mayerlin Madriz y Alexandra Ortu\u00f1o, relataron que ese mismo d\u00eda y ante la angustia que ellas ten\u00edan por no saber m\u00e1s de \u00e9l, se comunicaron con Adelaida Vargas y esta les cont\u00f3 que dos hombres, a bordo de una motocicleta, se lo llevaron.<\/p>\n\n\n\n<p>A ambas les pareci\u00f3 extra\u00f1o, que no haya denunciado el caso ante los cuerpos de seguridad de ninguno de los dos pa\u00edses y que adem\u00e1s diga que los hombres que los interceptaron en la trocha le dejaron todas las pertenencias de Eliecer, entre ellas el bolso con la ropa y el tel\u00e9fono celular.<\/p>\n\n\n\n<p>Al indagar sobre las razones por las cuales la familia no hizo la denuncia, explicaron que siempre Adelaida Vargas le dec\u00eda que no era prudente, porque ella le tem\u00eda a la guerrilla que opera en la zona y eso la pod\u00eda perjudicar, adem\u00e1s de poner en peligro la vida de Eli\u00e9cer, a quienes se supone tienen en cautiverio.<\/p>\n\n\n\n<p>Eli\u00e9cer Hern\u00e1ndez tienen dos hijos en Altagracia de Orituco, uno de 5 y otros de 11 a\u00f1os, adem\u00e1s de seis hermanos. Cuando se van a cumplir 8 meses de su desaparici\u00f3n, los familiares emprendieron la campa\u00f1a de difusi\u00f3n de su fotograf\u00eda y exponer el caso, para obtener alg\u00fan dato que les permita dar con su paradero.<\/p>\n\n\n\n<p>Si tienes informaci\u00f3n sobre el caso escribe a los correos electr\u00f3nicos <a href=\"mailto:rouselmadriz@gmail.com\">rouselmadriz@gmail.com<\/a><\/p>\n\n\n\n<p>mayerlyn123.labella@gmail.com    <\/p>\n\n\n\n<p>@amandasaldivia    <\/p>\n\n\n\n<p><\/p>\n","protected":false},"excerpt":{"rendered":"<p>Amanda Saldivia.- El 17 de octubre de 2021, a las 9:30 de la ma\u00f1ana, fue el \u00faltimo contacto que tuvo Eli\u00e9cer Antonio Hern\u00e1ndez Madriz con su familia radicada en Altagracia de Orituco, cuando les confirm\u00f3 que iba a cruzar la trocha entre C\u00facuta y San Antonio del T\u00e1chira, para emprender<\/p>\n","protected":false},"author":2,"featured_media":4912,"comment_status":"open","ping_status":"open","sticky":false,"template":"","format":"standard","meta":{"advanced_seo_description":"","jetpack_seo_html_title":"","jetpack_seo_noindex":false,"_jetpack_memberships_contains_paid_content":false,"footnotes":"","jetpack_publicize_message":"","jetpack_publicize_feature_enabled":true,"jetpack_social_post_already_shared":true,"jetpack_social_options":{"image_generator_settings":{"template":"highway","enabled":false},"version":2}},"categories":[234],"tags":[8,7,32],"class_list":["post-4911","post","type-post","status-publish","format-standard","has-post-thumbnail","hentry","category-sucesos","tag-altagraciadeorituco","tag-guarico","tag-webdealta",""],"jetpack_publicize_connections":[],"jetpack_featured_media_url":"https:\/\/webdealta.info\/wp-content\/uploads\/2022\/06\/Eliecer-Hernandez-desaparecido-webdealta.png","jetpack_sharing_enabled":true,"jetpack_likes_enabled":true,"jetpack-related-posts":[],"jetpack_shortlink":"https:\/\/wp.me\/pcseDn-1hd","_links":{"self":[{"href":"https:\/\/webdealta.info\/index.php?rest_route=\/wp\/v2\/posts\/4911","targetHints":{"allow":["GET"]}}],"collection":[{"href":"https:\/\/webdealta.info\/index.php?rest_route=\/wp\/v2\/posts"}],"about":[{"href":"https:\/\/webdealta.info\/index.php?rest_route=\/wp\/v2\/types\/post"}],"author":[{"embeddable":true,"href":"https:\/\/webdealta.info\/index.php?rest_route=\/wp\/v2\/users\/2"}],"replies":[{"embeddable":true,"href":"https:\/\/webdealta.info\/index.php?rest_route=%2Fwp%2Fv2%2Fcomments&post=4911"}],"version-history":[{"count":2,"href":"https:\/\/webdealta.info\/index.php?rest_route=\/wp\/v2\/posts\/4911\/revisions"}],"predecessor-version":[{"id":4919,"href":"https:\/\/webdealta.info\/index.php?rest_route=\/wp\/v2\/posts\/4911\/revisions\/4919"}],"wp:featuredmedia":[{"embeddable":true,"href":"https:\/\/webdealta.info\/index.php?rest_route=\/wp\/v2\/media\/4912"}],"wp:attachment":[{"href":"https:\/\/webdealta.info\/index.php?rest_route=%2Fwp%2Fv2%2Fmedia&parent=4911"}],"wp:term":[{"taxonomy":"category","embeddable":true,"href":"https:\/\/webdealta.info\/index.php?rest_route=%2Fwp%2Fv2%2Fcategories&post=4911"},{"taxonomy":"post_tag","embeddable":true,"href":"https:\/\/webdealta.info\/index.php?rest_route=%2Fwp%2Fv2%2Ftags&post=4911"}],"curies":[{"name":"wp","href":"https:\/\/api.w.org\/{rel}","templated":true}]}}