{"id":4864,"date":"2022-06-08T13:17:58","date_gmt":"2022-06-08T17:17:58","guid":{"rendered":"https:\/\/webdealta.info\/?p=4864"},"modified":"2022-06-08T13:17:59","modified_gmt":"2022-06-08T17:17:59","slug":"altagracia-tres-lesionados-en-accidente-de-transito","status":"publish","type":"post","link":"https:\/\/webdealta.info\/?p=4864","title":{"rendered":"Altagracia: tres lesionados en accidente de tr\u00e1nsito"},"content":{"rendered":"\n<p>Amanda Saldivia.-<\/p>\n\n\n\n<p>Tres personas lesionadas, entre ellas una que amerit\u00f3 ser intervenida quir\u00fargicamente, fue el resultado del accidente de tr\u00e1nsito registrado en la tarde de este martes 7 de junio, en la carretera nacional v\u00eda oriente, en la cual estuvo involucrada una unidad de la l\u00ednea Valles del Tuy que cubre la ruta Altagracia de Orituco-Valle de la Pascua.<\/p>\n\n\n\n<p>De acuerdo al reporte del Centro de Coordinaci\u00f3n Policial Nro. 14, a cargo de la comisionada jefe Evelin Jaramillo y los datos aportados por el coronel Denis Dur\u00e1n, comandante del cuerpo de bomberos Andr\u00e9 Fourneau de Altagracia de Orituco, el accidente se produjo por un desperfecto mec\u00e1nico en la unidad, lo que hizo que el chofer perdiera el control y se saliera de la v\u00eda, momentos cuando se desplazaba por la carretera nacional, a la altura del caser\u00edo Taguapire, el cual est\u00e1 ubicado a 8 kil\u00f3metros aproximadamente de la capital del municipio Monagas.<\/p>\n\n\n\n<p>Los lesionados fueron trasladados al hospital Dr. Jos\u00e9 Francisco Torrealba y fueron identificados como Aleida Torrealba de 59 a\u00f1os de edad, quien fue intervenida quir\u00fargicamente por fractura en la cadera; Dulce Mar\u00eda Amante de 86 a\u00f1os con herida a nivel del occipital y traumatismo general; y Leniker Utrera de 24 a\u00f1os, con una herida leve en el occipital.<\/p>\n\n\n\n<p>El conductor de la Unidad, de nombre Franklin Avilez de 31 a\u00f1os de edad result\u00f3 ileso, pero igualmente fue trasladado al hospital para la evaluaci\u00f3n m\u00e9dica.<\/p>\n\n\n\n<p>@amandasaldivia    <\/p>\n\n\n\n<p><\/p>\n","protected":false},"excerpt":{"rendered":"<p>Amanda Saldivia.- Tres personas lesionadas, entre ellas una que amerit\u00f3 ser intervenida quir\u00fargicamente, fue el resultado del accidente de tr\u00e1nsito registrado en la tarde de este martes 7 de junio, en la carretera nacional v\u00eda oriente, en la cual estuvo involucrada una unidad de la l\u00ednea Valles del Tuy que<\/p>\n","protected":false},"author":2,"featured_media":4865,"comment_status":"open","ping_status":"open","sticky":false,"template":"","format":"standard","meta":{"advanced_seo_description":"","jetpack_seo_html_title":"","jetpack_seo_noindex":false,"_jetpack_memberships_contains_paid_content":false,"footnotes":"","jetpack_publicize_message":"","jetpack_publicize_feature_enabled":true,"jetpack_social_post_already_shared":true,"jetpack_social_options":{"image_generator_settings":{"template":"highway","enabled":false},"version":2}},"categories":[159],"tags":[8,7,32],"class_list":["post-4864","post","type-post","status-publish","format-standard","has-post-thumbnail","hentry","category-accidente","tag-altagraciadeorituco","tag-guarico","tag-webdealta",""],"jetpack_publicize_connections":[],"jetpack_featured_media_url":"https:\/\/webdealta.info\/wp-content\/uploads\/2022\/06\/accidente-webdealta-valles-de-tuy.png","jetpack_sharing_enabled":true,"jetpack_likes_enabled":true,"jetpack-related-posts":[],"jetpack_shortlink":"https:\/\/wp.me\/pcseDn-1gs","_links":{"self":[{"href":"https:\/\/webdealta.info\/index.php?rest_route=\/wp\/v2\/posts\/4864","targetHints":{"allow":["GET"]}}],"collection":[{"href":"https:\/\/webdealta.info\/index.php?rest_route=\/wp\/v2\/posts"}],"about":[{"href":"https:\/\/webdealta.info\/index.php?rest_route=\/wp\/v2\/types\/post"}],"author":[{"embeddable":true,"href":"https:\/\/webdealta.info\/index.php?rest_route=\/wp\/v2\/users\/2"}],"replies":[{"embeddable":true,"href":"https:\/\/webdealta.info\/index.php?rest_route=%2Fwp%2Fv2%2Fcomments&post=4864"}],"version-history":[{"count":1,"href":"https:\/\/webdealta.info\/index.php?rest_route=\/wp\/v2\/posts\/4864\/revisions"}],"predecessor-version":[{"id":4866,"href":"https:\/\/webdealta.info\/index.php?rest_route=\/wp\/v2\/posts\/4864\/revisions\/4866"}],"wp:featuredmedia":[{"embeddable":true,"href":"https:\/\/webdealta.info\/index.php?rest_route=\/wp\/v2\/media\/4865"}],"wp:attachment":[{"href":"https:\/\/webdealta.info\/index.php?rest_route=%2Fwp%2Fv2%2Fmedia&parent=4864"}],"wp:term":[{"taxonomy":"category","embeddable":true,"href":"https:\/\/webdealta.info\/index.php?rest_route=%2Fwp%2Fv2%2Fcategories&post=4864"},{"taxonomy":"post_tag","embeddable":true,"href":"https:\/\/webdealta.info\/index.php?rest_route=%2Fwp%2Fv2%2Ftags&post=4864"}],"curies":[{"name":"wp","href":"https:\/\/api.w.org\/{rel}","templated":true}]}}