{"id":4841,"date":"2022-06-04T09:27:28","date_gmt":"2022-06-04T13:27:28","guid":{"rendered":"https:\/\/webdealta.info\/?p=4841"},"modified":"2022-06-04T09:27:29","modified_gmt":"2022-06-04T13:27:29","slug":"el-poder-del-conocimiento-300-anos-de-nuestra-senora-de-altagracia","status":"publish","type":"post","link":"https:\/\/webdealta.info\/?p=4841","title":{"rendered":"El Poder del Conocimiento: 300 a\u00f1os de Nuestra Se\u00f1ora de Altagracia"},"content":{"rendered":"\n<p>@amandasaldivia<\/p>\n\n\n\n<p>Promasorca present\u00f3, en la serie de micros El Poder del Conocimiento, la historia de la celebraci\u00f3n de los 300 a\u00f1os de la parroquia, cuyo organizador principal fue el padre Manuel Mej\u00edas, quien promovi\u00f3 la festividad al cumplirse tres siglos del inicio de Nuestra Se\u00f1ora de Altagracia, al tomar como base el libro de bautismo que abri\u00f3 el Padre Juan de Barnuevo.<\/p>\n\n\n\n<p>Ese espectacular evento congreg\u00f3 a invitados especiales de la iglesia cat\u00f3lica venezolana, pol\u00edticos e intelectuales. Fue una semana entera de festividades religiosas, deportivas y culturales, que se desarrollaron los d\u00edas previos y posteriores al 4 de junio de 1976 para el disfrute de los pobladores de esta tierra.<\/p>\n\n\n\n<p>Esa festividad se mantiene en la memoria de muchos gracitanos. Algunos recuerdan la elecci\u00f3n de la Reina Tricentenaria, en la cual se alz\u00f3 con la corona la bell\u00edsima Carmen Ochoa, quien sigue como portadora de esa distinci\u00f3n.<\/p>\n\n\n\n<p>Igualmente hubo una Sesi\u00f3n Solemne del Concejo Municipal, instituci\u00f3n que era presidida para esa fecha por el se\u00f1or Erasmo Padilla. Igualmente destac\u00f3 el impecable desfile de las instituciones educativas y de las fuerzas vivas representativas de esta regi\u00f3n.<\/p>\n\n\n\n<p>Otra actividad recordada fue el concurso de canto que se realiz\u00f3 en el estadio \u00c1ngel Santiago Gonz\u00e1lez y el lanzamiento de la producci\u00f3n discogr\u00e1fica Altagracia Tricentenaria, en disco de acetato en formato LP, la cual inmortaliz\u00f3 la voz del cantautor Ram\u00f3n Infante, con temas de su autor\u00eda, pero tambi\u00e9n Mi Pueblito de Pablo Arocha Rojas.<\/p>\n\n\n\n<p>Es que la festividad fue tal, que tambi\u00e9n es recordada por el nombre con el cual bautizaron al sector Tricentenario de Altagracia de Orituco.<\/p>\n\n\n\n<p>Pero en torno a esa fecha, todav\u00eda hay discusi\u00f3n. El cronista Dr. Carlos L\u00f3pez Garc\u00e9s, dice que no es ni la fundaci\u00f3n de la parroquia Nuestra Se\u00f1ora de Altagracia y mucho menos la de Altagracia como poblado.<\/p>\n\n\n\n<p>Sin embargo, para la iglesia sigue siendo el 4 de junio de 1676 la fecha de inicio de la parroquia Nuestra Se\u00f1ora de Altagracia y sin \u00e1nimos de diatribas el padre Cruz Mujica expres\u00f3 unas sabias palabras:<\/p>\n\n\n\n<p>\u201cEn algo tuvo que cimentarse el padre Mej\u00edas para tomar esa fecha, del 4 de junio de 1676, para determinar la fecha de la fundaci\u00f3n de la parroquia Nuestra Se\u00f1ora de Altagracia. Es verdad que hay diatriba en este sentido, pero la Iglesia lo ha asumido de esa manera y queda en el coraz\u00f3n de los gracitanos este sentimiento y siempre, desde ese momento, no sabemos desde cuando se ha venido celebrando, esa fecha como fundaci\u00f3n de la parroquia Nuestra Se\u00f1ora de Altagracia\u2026tendremos la celebraci\u00f3n de la eucarist\u00eda en Acci\u00f3n de Gracias al Se\u00f1or por ese nuevo aniversario en el templo parroquial a las 5 de la tarde.<\/p>\n\n\n\n<p>@amandasaldivia     <\/p>\n\n\n\n<p><\/p>\n","protected":false},"excerpt":{"rendered":"<p>@amandasaldivia Promasorca present\u00f3, en la serie de micros El Poder del Conocimiento, la historia de la celebraci\u00f3n de los 300 a\u00f1os de la parroquia, cuyo organizador principal fue el padre Manuel Mej\u00edas, quien promovi\u00f3 la festividad al cumplirse tres siglos del inicio de Nuestra Se\u00f1ora de Altagracia, al tomar como<\/p>\n","protected":false},"author":2,"featured_media":4842,"comment_status":"open","ping_status":"open","sticky":false,"template":"","format":"standard","meta":{"advanced_seo_description":"","jetpack_seo_html_title":"","jetpack_seo_noindex":false,"_jetpack_memberships_contains_paid_content":false,"footnotes":"","jetpack_publicize_message":"","jetpack_publicize_feature_enabled":true,"jetpack_social_post_already_shared":true,"jetpack_social_options":{"image_generator_settings":{"template":"highway","enabled":false},"version":2}},"categories":[117],"tags":[8,7,32],"class_list":["post-4841","post","type-post","status-publish","format-standard","has-post-thumbnail","hentry","category-celebracion","tag-altagraciadeorituco","tag-guarico","tag-webdealta",""],"jetpack_publicize_connections":[],"jetpack_featured_media_url":"https:\/\/webdealta.info\/wp-content\/uploads\/2022\/06\/altagracia-tricentenaria-webdealta.png","jetpack_sharing_enabled":true,"jetpack_likes_enabled":true,"jetpack-related-posts":[],"jetpack_shortlink":"https:\/\/wp.me\/pcseDn-1g5","_links":{"self":[{"href":"https:\/\/webdealta.info\/index.php?rest_route=\/wp\/v2\/posts\/4841","targetHints":{"allow":["GET"]}}],"collection":[{"href":"https:\/\/webdealta.info\/index.php?rest_route=\/wp\/v2\/posts"}],"about":[{"href":"https:\/\/webdealta.info\/index.php?rest_route=\/wp\/v2\/types\/post"}],"author":[{"embeddable":true,"href":"https:\/\/webdealta.info\/index.php?rest_route=\/wp\/v2\/users\/2"}],"replies":[{"embeddable":true,"href":"https:\/\/webdealta.info\/index.php?rest_route=%2Fwp%2Fv2%2Fcomments&post=4841"}],"version-history":[{"count":1,"href":"https:\/\/webdealta.info\/index.php?rest_route=\/wp\/v2\/posts\/4841\/revisions"}],"predecessor-version":[{"id":4843,"href":"https:\/\/webdealta.info\/index.php?rest_route=\/wp\/v2\/posts\/4841\/revisions\/4843"}],"wp:featuredmedia":[{"embeddable":true,"href":"https:\/\/webdealta.info\/index.php?rest_route=\/wp\/v2\/media\/4842"}],"wp:attachment":[{"href":"https:\/\/webdealta.info\/index.php?rest_route=%2Fwp%2Fv2%2Fmedia&parent=4841"}],"wp:term":[{"taxonomy":"category","embeddable":true,"href":"https:\/\/webdealta.info\/index.php?rest_route=%2Fwp%2Fv2%2Fcategories&post=4841"},{"taxonomy":"post_tag","embeddable":true,"href":"https:\/\/webdealta.info\/index.php?rest_route=%2Fwp%2Fv2%2Ftags&post=4841"}],"curies":[{"name":"wp","href":"https:\/\/api.w.org\/{rel}","templated":true}]}}