{"id":4838,"date":"2022-06-03T20:21:39","date_gmt":"2022-06-04T00:21:39","guid":{"rendered":"https:\/\/webdealta.info\/?p=4838"},"modified":"2022-06-03T20:21:39","modified_gmt":"2022-06-04T00:21:39","slug":"cientos-de-devotos-recibieron-a-la-virgen-de-la-caridad","status":"publish","type":"post","link":"https:\/\/webdealta.info\/?p=4838","title":{"rendered":"Cientos de devotos recibieron a la Virgen de la Caridad"},"content":{"rendered":"\n<p>Amanda Saldivia.-<\/p>\n\n\n\n<p>Escoltada por coleadores, con la presentaci\u00f3n de expresiones culturales de Gu\u00e1rico y Aragua, del grupo de danzas de Portugal y cientos de devotos fue recibida la imagen de la Virgen de la Caridad en la poblaci\u00f3n de San Rafael de Orituco, este viernes tres de junio, acto de fe presidido por el padre Pedro Ruiz, en compa\u00f1\u00eda de otros sacerdotes del arciprestazgo.\u00a0<\/p>\n\n\n\n<p>La Virgen de la Caridad es una tradici\u00f3n que data de 1692 en San Sebasti\u00e1n de los Reyes, poblado del sur de Aragua y la peregrinaci\u00f3n es una de las devociones marianas m\u00e1s significativas de Venezuela, de all\u00ed la importancia de recibirla como demostraci\u00f3n de fe.<\/p>\n\n\n\n<p>La imagen, grabada en madera, est\u00e1 bajo el resguardo de la Cofrad\u00eda y de acuerdo a registros tiene 300 a\u00f1os de tradici\u00f3n, motivo por el cual fue necesaria la aprobaci\u00f3n de ellos, adem\u00e1s de las coordinaciones entre las di\u00f3cesis de Valle de la Pascua y Maracay para el traslado a San Rafael de Orituco.<\/p>\n\n\n\n<p>Para el padre Pedro Ru\u00edz es una oportunidad de reconocer en Mar\u00eda, la madre de Dios, las virtudes y la intercesi\u00f3n para los milagros, mientras los devotos tienen una oportunidad de vivir la fe en la advocaci\u00f3n de la Virgen de la Caridad.<\/p>\n\n\n\n<p>Es importante destacar, que la cofrad\u00eda que resguarda la imagen fue recibida en el \u00c1nima de Taguapire, desde donde parti\u00f3 escoltada por coleadores, ya que es la patrona de quienes practican ese deporte nacional.  <\/p>\n\n\n\n<p>Posteriormente, se uni\u00f3 el resto de la comunidad en el estadio de San Rafael de Orituco, para dar inicio a la procesi\u00f3n y los actos culturales, entre ellos las guara\u00f1as y mariselas interpretadas por los hermanos Reyes, as\u00ed como tambi\u00e9n la Burriquita a cargo de cultores de San Rafael.<\/p>\n\n\n\n<p>Seguidamente, fue llevada al interior del templo, en el cual se celebr\u00f3 el Santo Rosario y a la 2:00 pm la eucarist\u00eda.<\/p>\n\n\n\n<p>@amandasaldivia         <\/p>\n\n\n\n<p><\/p>\n","protected":false},"excerpt":{"rendered":"<p>Amanda Saldivia.- Escoltada por coleadores, con la presentaci\u00f3n de expresiones culturales de Gu\u00e1rico y Aragua, del grupo de danzas de Portugal y cientos de devotos fue recibida la imagen de la Virgen de la Caridad en la poblaci\u00f3n de San Rafael de Orituco, este viernes tres de junio, acto de<\/p>\n","protected":false},"author":2,"featured_media":4839,"comment_status":"open","ping_status":"open","sticky":false,"template":"","format":"standard","meta":{"advanced_seo_description":"","jetpack_seo_html_title":"","jetpack_seo_noindex":false,"_jetpack_memberships_contains_paid_content":false,"footnotes":"","jetpack_publicize_message":"","jetpack_publicize_feature_enabled":true,"jetpack_social_post_already_shared":true,"jetpack_social_options":{"image_generator_settings":{"template":"highway","enabled":false},"version":2}},"categories":[42],"tags":[8,7,32],"class_list":["post-4838","post","type-post","status-publish","format-standard","has-post-thumbnail","hentry","category-iglesia-catolica","tag-altagraciadeorituco","tag-guarico","tag-webdealta",""],"jetpack_publicize_connections":[],"jetpack_featured_media_url":"https:\/\/webdealta.info\/wp-content\/uploads\/2022\/06\/virgen-de-la-caridad-webdealta-san-rafael.png","jetpack_sharing_enabled":true,"jetpack_likes_enabled":true,"jetpack-related-posts":[],"jetpack_shortlink":"https:\/\/wp.me\/pcseDn-1g2","_links":{"self":[{"href":"https:\/\/webdealta.info\/index.php?rest_route=\/wp\/v2\/posts\/4838","targetHints":{"allow":["GET"]}}],"collection":[{"href":"https:\/\/webdealta.info\/index.php?rest_route=\/wp\/v2\/posts"}],"about":[{"href":"https:\/\/webdealta.info\/index.php?rest_route=\/wp\/v2\/types\/post"}],"author":[{"embeddable":true,"href":"https:\/\/webdealta.info\/index.php?rest_route=\/wp\/v2\/users\/2"}],"replies":[{"embeddable":true,"href":"https:\/\/webdealta.info\/index.php?rest_route=%2Fwp%2Fv2%2Fcomments&post=4838"}],"version-history":[{"count":1,"href":"https:\/\/webdealta.info\/index.php?rest_route=\/wp\/v2\/posts\/4838\/revisions"}],"predecessor-version":[{"id":4840,"href":"https:\/\/webdealta.info\/index.php?rest_route=\/wp\/v2\/posts\/4838\/revisions\/4840"}],"wp:featuredmedia":[{"embeddable":true,"href":"https:\/\/webdealta.info\/index.php?rest_route=\/wp\/v2\/media\/4839"}],"wp:attachment":[{"href":"https:\/\/webdealta.info\/index.php?rest_route=%2Fwp%2Fv2%2Fmedia&parent=4838"}],"wp:term":[{"taxonomy":"category","embeddable":true,"href":"https:\/\/webdealta.info\/index.php?rest_route=%2Fwp%2Fv2%2Fcategories&post=4838"},{"taxonomy":"post_tag","embeddable":true,"href":"https:\/\/webdealta.info\/index.php?rest_route=%2Fwp%2Fv2%2Ftags&post=4838"}],"curies":[{"name":"wp","href":"https:\/\/api.w.org\/{rel}","templated":true}]}}