{"id":4824,"date":"2022-06-01T21:47:05","date_gmt":"2022-06-02T01:47:05","guid":{"rendered":"https:\/\/webdealta.info\/?p=4824"},"modified":"2022-06-01T21:47:06","modified_gmt":"2022-06-02T01:47:06","slug":"aumento-de-diesel-impactara-produccion-primaria-y-consumidores","status":"publish","type":"post","link":"https:\/\/webdealta.info\/?p=4824","title":{"rendered":"Aumento de di\u00e9sel impactar\u00e1 producci\u00f3n primaria y consumidores"},"content":{"rendered":"\n<p>Amanda Saldivia.-<\/p>\n\n\n\n<p>Celso Fantinel, presidente de Fedeagro, considera que la producci\u00f3n primaria y el consumidor final ser\u00e1n los m\u00e1s afectados por el impacto que generar\u00e1 el precio recientemente fijado para el di\u00e9sel en las estaciones internacionales, a raz\u00f3n de 0,50 centavos de d\u00f3lar el litro.<\/p>\n\n\n\n<p>El gremialista del \u00e1rea agr\u00edcola, fue consultado tras conocerse la orden emanada por PDVSA a las estaciones premium, en la cual precisan que deben cobrar todo el combustible que expenden bajo la modalidad internacional, a partir del 29 de mayo.<\/p>\n\n\n\n<p>A juicio de Celso Fantinel, la noticia es de impacto para el sector, porque es una sumatoria de impuestos nacionales, locales e IGTF, a lo tienen que agregar que \u201csubes el di\u00e9sel, van a eliminar los subsidios y los productores realmente no van a poder traspasar el costo al consumidor o a la industria\u201d.<\/p>\n\n\n\n<p>Argument\u00f3, que el aumento afectar\u00e1 la producci\u00f3n primaria y el consumidor final, sin dejar de mencionar a los transportistas, entre ellos los que trasladan hortalizas desde las unidades de producci\u00f3n hasta las ciudades con mayor densidad poblacional del pa\u00eds.<\/p>\n\n\n\n<p>Cit\u00f3 como ejemplo, que un cami\u00f3n cargado en La Grita con hortalizas para llevarlas al oriente del pa\u00eds, debe pasar por aproximadamente 12 peajes, \u00abeso significa 200 d\u00f3lares y en el combustible aproximadamente 300 d\u00f3lares, ida y vuelta\u201d.<\/p>\n\n\n\n<p>El presidente de Fedeagro se\u00f1alo, que el gobierno debe entender que para mejorar la econom\u00eda debe apoyar al sector primario con el otorgamiento de cr\u00e9ditos y planes para la entrega de di\u00e9sel subsidiado, si realmente quiere salir de la crisis.<\/p>\n\n\n\n<p>\u201cLos platos rotos siempre lo pagamos los productores primarios y en este caso luego el consumidor final\u201d, expres\u00f3 Fantinel en el contacto con este medio digital.<\/p>\n\n\n\n<p>@amandasaldivia   <\/p>\n\n\n\n<p><\/p>\n","protected":false},"excerpt":{"rendered":"<p>Amanda Saldivia.- Celso Fantinel, presidente de Fedeagro, considera que la producci\u00f3n primaria y el consumidor final ser\u00e1n los m\u00e1s afectados por el impacto que generar\u00e1 el precio recientemente fijado para el di\u00e9sel en las estaciones internacionales, a raz\u00f3n de 0,50 centavos de d\u00f3lar el litro. El gremialista del \u00e1rea agr\u00edcola,<\/p>\n","protected":false},"author":2,"featured_media":4825,"comment_status":"open","ping_status":"open","sticky":false,"template":"","format":"standard","meta":{"advanced_seo_description":"","jetpack_seo_html_title":"","jetpack_seo_noindex":false,"_jetpack_memberships_contains_paid_content":false,"footnotes":"","jetpack_publicize_message":"","jetpack_publicize_feature_enabled":true,"jetpack_social_post_already_shared":true,"jetpack_social_options":{"image_generator_settings":{"template":"highway","enabled":false},"version":2}},"categories":[49],"tags":[8,7,32],"class_list":["post-4824","post","type-post","status-publish","format-standard","has-post-thumbnail","hentry","category-combustible","tag-altagraciadeorituco","tag-guarico","tag-webdealta",""],"jetpack_publicize_connections":[],"jetpack_featured_media_url":"https:\/\/webdealta.info\/wp-content\/uploads\/2022\/06\/diesel-webdealta.png","jetpack_sharing_enabled":true,"jetpack_likes_enabled":true,"jetpack-related-posts":[],"jetpack_shortlink":"https:\/\/wp.me\/pcseDn-1fO","_links":{"self":[{"href":"https:\/\/webdealta.info\/index.php?rest_route=\/wp\/v2\/posts\/4824","targetHints":{"allow":["GET"]}}],"collection":[{"href":"https:\/\/webdealta.info\/index.php?rest_route=\/wp\/v2\/posts"}],"about":[{"href":"https:\/\/webdealta.info\/index.php?rest_route=\/wp\/v2\/types\/post"}],"author":[{"embeddable":true,"href":"https:\/\/webdealta.info\/index.php?rest_route=\/wp\/v2\/users\/2"}],"replies":[{"embeddable":true,"href":"https:\/\/webdealta.info\/index.php?rest_route=%2Fwp%2Fv2%2Fcomments&post=4824"}],"version-history":[{"count":1,"href":"https:\/\/webdealta.info\/index.php?rest_route=\/wp\/v2\/posts\/4824\/revisions"}],"predecessor-version":[{"id":4826,"href":"https:\/\/webdealta.info\/index.php?rest_route=\/wp\/v2\/posts\/4824\/revisions\/4826"}],"wp:featuredmedia":[{"embeddable":true,"href":"https:\/\/webdealta.info\/index.php?rest_route=\/wp\/v2\/media\/4825"}],"wp:attachment":[{"href":"https:\/\/webdealta.info\/index.php?rest_route=%2Fwp%2Fv2%2Fmedia&parent=4824"}],"wp:term":[{"taxonomy":"category","embeddable":true,"href":"https:\/\/webdealta.info\/index.php?rest_route=%2Fwp%2Fv2%2Fcategories&post=4824"},{"taxonomy":"post_tag","embeddable":true,"href":"https:\/\/webdealta.info\/index.php?rest_route=%2Fwp%2Fv2%2Ftags&post=4824"}],"curies":[{"name":"wp","href":"https:\/\/api.w.org\/{rel}","templated":true}]}}