{"id":4817,"date":"2022-06-01T01:04:05","date_gmt":"2022-06-01T05:04:05","guid":{"rendered":"https:\/\/webdealta.info\/?p=4817"},"modified":"2022-06-01T01:04:06","modified_gmt":"2022-06-01T05:04:06","slug":"fundehullan-una-mirada-a-las-regiones-de-los-llanos","status":"publish","type":"post","link":"https:\/\/webdealta.info\/?p=4817","title":{"rendered":"Fundehullan: \u201cUna Mirada a las regiones de los llanos\u201d"},"content":{"rendered":"\n<p>La Organizaci\u00f3n no Gubernamental Fundaci\u00f3n de Derechos Humanos de los Llanos (<strong>Fundehullan<\/strong>) registr\u00f3 un incremento en 50% de criminalizaci\u00f3n a la sociedad civil durante el 2021, de acuerdo a la documentaci\u00f3n realizada en los estados Barinas, Apure, Cojedes, Gu\u00e1rico y Portuguesa, datos aportados en la presentaci\u00f3n del Informe Anual\u00a0<strong>\u201cUna Mirada a las regiones de los llanos\u201d<\/strong>, este 31 de mayo en Caracas.<\/p>\n\n\n\n<p>El equipo de Fundehullan, present\u00f3 los resultados del proceso documentario, donde se evidencia dos maneras de vulneraci\u00f3n con procedimientos de car\u00e1cter judicial o administrativo en contra de quienes adversan la gesti\u00f3n del Estado venezolano, generando un incremento del 37% en vulneraciones a la Libertad Personal (detenciones arbitrarias), documentados en 192 casos, as\u00ed lo inform\u00f3 Roland Garc\u00eda, Presidente Ejecutivo de la ONG llanera.<\/p>\n\n\n\n<p>En tal sentido, Garc\u00eda expres\u00f3 que la criminalizaci\u00f3n en estos estados, hubo un aumento del 50% de riesgo y acciones contra las organizaciones de la sociedad civil, reportado en 59 casos donde fueron afectados gremios, sindicatos, ONG, fundaciones y movimientos de DDHH, en acciones de protestas en exigencia del cumplimiento de sus derechos.<\/p>\n\n\n\n<p>Por otra parte, las vulneraciones con mayor incidencia durante el 2021 se encuentra violaci\u00f3n a la Integridad f\u00edsica, acoso y persecuci\u00f3n a activistas de derechos humanos, periodistas, defensores y dem\u00e1s miembros de la sociedad civil, apunt\u00f3 Garc\u00eda.<\/p>\n\n\n\n<p>Cabe destacar que se realizaron manifestaciones pac\u00edficas 271 donde en el 100% hubo presencia de los cuerpos de seguridad del estado, donde en un 37 %, donde los funcionarios realizaron acciones vulnerando este derecho.<\/p>\n\n\n\n<p>En los estados llaneros, se evidenci\u00f3 la violaci\u00f3n a la libertad personal, detenciones arbitrarias, libertad de expresi\u00f3n, cierre de programas de radios y emisoras independientes y cr\u00edticas al Gobierno, agresiones a periodistas, apertura de procedimientos judiciales, desaparici\u00f3n forzada.<\/p>\n\n\n\n<p>En cuanto al derecho a la libertad de expresi\u00f3n, la organizaci\u00f3n document\u00f3 32 casos en los llanos venezolanos, que equivalen a un 16% en comparaci\u00f3n al 2020 (cierres de programas de radios, emisoras, agresi\u00f3n a periodistas y estigmatizaci\u00f3n contra la manifestaci\u00f3n pac\u00edfica), siendo los estados Portuguesa y Barinas los m\u00e1s afectados.<\/p>\n\n\n\n<p>Finalmente, Garc\u00eda, reiter\u00f3 que lo que ocurre en los llanos venezolanos demuestra un control sobre esta regi\u00f3n, y a trav\u00e9s de este trabajo realizado por el equipo de Fundehullan durante los 365 d\u00edas, 2021, muestra una radiograf\u00eda de la realidad de esta importante zona de Venezuela, y se busca marcar un precedente y dar a conocer de manera objetiva y ver\u00eddica present\u00e1ndolo en este informe.<\/p>\n\n\n\n<p>Prensa Fundehullan   <\/p>\n\n\n\n<p><\/p>\n","protected":false},"excerpt":{"rendered":"<p>La Organizaci\u00f3n no Gubernamental Fundaci\u00f3n de Derechos Humanos de los Llanos (Fundehullan) registr\u00f3 un incremento en 50% de criminalizaci\u00f3n a la sociedad civil durante el 2021, de acuerdo a la documentaci\u00f3n realizada en los estados Barinas, Apure, Cojedes, Gu\u00e1rico y Portuguesa, datos aportados en la presentaci\u00f3n del Informe Anual\u00a0\u201cUna Mirada<\/p>\n","protected":false},"author":2,"featured_media":4818,"comment_status":"open","ping_status":"open","sticky":false,"template":"","format":"standard","meta":{"advanced_seo_description":"","jetpack_seo_html_title":"","jetpack_seo_noindex":false,"_jetpack_memberships_contains_paid_content":false,"footnotes":"","jetpack_publicize_message":"","jetpack_publicize_feature_enabled":true,"jetpack_social_post_already_shared":true,"jetpack_social_options":{"image_generator_settings":{"template":"highway","enabled":false},"version":2}},"categories":[131],"tags":[8,7,32],"class_list":["post-4817","post","type-post","status-publish","format-standard","has-post-thumbnail","hentry","category-investigacion","tag-altagraciadeorituco","tag-guarico","tag-webdealta",""],"jetpack_publicize_connections":[],"jetpack_featured_media_url":"https:\/\/webdealta.info\/wp-content\/uploads\/2022\/06\/Fundehullan-webdealta.png","jetpack_sharing_enabled":true,"jetpack_likes_enabled":true,"jetpack-related-posts":[],"jetpack_shortlink":"https:\/\/wp.me\/pcseDn-1fH","_links":{"self":[{"href":"https:\/\/webdealta.info\/index.php?rest_route=\/wp\/v2\/posts\/4817","targetHints":{"allow":["GET"]}}],"collection":[{"href":"https:\/\/webdealta.info\/index.php?rest_route=\/wp\/v2\/posts"}],"about":[{"href":"https:\/\/webdealta.info\/index.php?rest_route=\/wp\/v2\/types\/post"}],"author":[{"embeddable":true,"href":"https:\/\/webdealta.info\/index.php?rest_route=\/wp\/v2\/users\/2"}],"replies":[{"embeddable":true,"href":"https:\/\/webdealta.info\/index.php?rest_route=%2Fwp%2Fv2%2Fcomments&post=4817"}],"version-history":[{"count":1,"href":"https:\/\/webdealta.info\/index.php?rest_route=\/wp\/v2\/posts\/4817\/revisions"}],"predecessor-version":[{"id":4819,"href":"https:\/\/webdealta.info\/index.php?rest_route=\/wp\/v2\/posts\/4817\/revisions\/4819"}],"wp:featuredmedia":[{"embeddable":true,"href":"https:\/\/webdealta.info\/index.php?rest_route=\/wp\/v2\/media\/4818"}],"wp:attachment":[{"href":"https:\/\/webdealta.info\/index.php?rest_route=%2Fwp%2Fv2%2Fmedia&parent=4817"}],"wp:term":[{"taxonomy":"category","embeddable":true,"href":"https:\/\/webdealta.info\/index.php?rest_route=%2Fwp%2Fv2%2Fcategories&post=4817"},{"taxonomy":"post_tag","embeddable":true,"href":"https:\/\/webdealta.info\/index.php?rest_route=%2Fwp%2Fv2%2Ftags&post=4817"}],"curies":[{"name":"wp","href":"https:\/\/api.w.org\/{rel}","templated":true}]}}