{"id":4809,"date":"2022-05-30T23:14:12","date_gmt":"2022-05-31T03:14:12","guid":{"rendered":"https:\/\/webdealta.info\/?p=4809"},"modified":"2022-05-30T23:14:13","modified_gmt":"2022-05-31T03:14:13","slug":"zaraza-carlos-castillo-un-alcalde-que-se-abre-cancha","status":"publish","type":"post","link":"https:\/\/webdealta.info\/?p=4809","title":{"rendered":"ZARAZA\/Carlos Castillo: un alcalde que se abre \u201ccancha\u201d"},"content":{"rendered":"\n<p>Carlos&nbsp; Enrique Castillo es su nombre completo, pero pocos lo saben. Toda Zaraza y medio Gu\u00e1rico lo conoce como \u201cCancha\u201d y los m\u00e1s cercanos \u201cCanchita\u201d. A los 63 a\u00f1os se convirti\u00f3 en el alcalde de la Atenas del Gu\u00e1rico y hoy intenta abrirse paso en medio de la falta de recursos y los coletazos de una pandemia.<\/p>\n\n\n\n<p>Canchita naci\u00f3 en Zaraza, espec\u00edficamente en el caserio Pozote el 12 de agosto de 1958, d\u00eda de Santa Clara, onom\u00e1stico de su se\u00f1ora madre. Lo abordamos en su terreno, entre calles y pueblo de la localidad zarace\u00f1a que hoy dirige. Durante la entrevista record\u00f3 su origen y preguntamos de todo. Responde con respeto y calma.<\/p>\n\n\n\n<p><strong>La gente en la calle se refiere al alcalde como \u201cCanchita\u201d. \u00bfDe d\u00f3nde viene ese apodo?<\/strong><\/p>\n\n\n\n<p>El apodo sale de mi infancia. En Zaraza todo el mundo conoce mi origen humilde. Mi padre ten\u00eda una cancha de bolas y yo, muy ni\u00f1o, ayudaba trabajando all\u00ed.<\/p>\n\n\n\n<p>Mi trabajo era recordarle a los jugadores que deb\u00edan pagar por el uso de la cancha: \u201cpaga la cancha\u201d, \u201cpaga la cancha\u201d era la expresi\u00f3n que utilizaba para recordarle a los jugadores su obligaci\u00f3n. De all\u00ed surge el apodo de \u201cCancha o Canchita\u201d.<\/p>\n\n\n\n<p><strong>\u00bfC\u00f3mo es que un personaje popular termin\u00f3 siendo alcalde?<\/strong><\/p>\n\n\n\n<p>Llego a la alcald\u00eda con un trabajo social y pol\u00edtico de hace bastantes a\u00f1os. Yo particip\u00e9 en elecciones en el a\u00f1o 2006, luego en 2008. Tengo un trabajo social, no estoy casado con ninguno partido pol\u00edtico. Siempre me ha gustado la pol\u00edtica por convicci\u00f3n social.<\/p>\n\n\n\n<p>Yo llegu\u00e9 a una alcald\u00eda quebrada. En servicios p\u00fablicos lo que encontr\u00e9 fueron dos palos de escobas. Sin bolsas para recoger basura y todos los carros da\u00f1ados. Me encontr\u00e9 20 toneladas de basura en la calle y tuve que resolverlos con aliados.<\/p>\n\n\n\n<p><strong>Algunos&nbsp; comentan que Canchita es un rico de cuna<\/strong><\/p>\n\n\n\n<p>No. Yo aparte&nbsp; de ser pol\u00edtico, siempre he sido un emprendedor. No es que yo tenga dinero, sino que siempre he trabajado. No soy ning\u00fan rico de cuna, todo lo contrario, fuimos demasiado pobres, mi madre era analfabeta y con 11 hijos. La mayor\u00eda fueron profesionales y trabajadores.<\/p>\n\n\n\n<p><strong>\u00bfPor qu\u00e9 ser pol\u00edtico en este momento donde mucha gente ha perdido la fe en los gobernantes?<\/strong><\/p>\n\n\n\n<p>Es una forma de ayudar a las personas. Imag\u00ednate si yo lo ven\u00eda haciendo mucho ya, sin tener ning\u00fan cargo, viendo y palpando las necesidades de las personas qu\u00e9 ser\u00e1 ahora. Yo veo a personas sin agua, sin comida. All\u00ed hay&nbsp; una necesidad de ayudar, de poner mi grano de arena desde esta gesti\u00f3n.<\/p>\n\n\n\n<p>Yo soy&nbsp; una persona sencilla, sin odios, yo soy sobreviniente de un c\u00e1ncer, Dios me dio&nbsp; un prop\u00f3sito de vida para ayudar a otros. Dios me dio una \u00f1apa de vida&nbsp; y sobreviv\u00ed a la pandemia.<\/p>\n\n\n\n<p><strong>Se le ha cuestionado que lleg\u00f3 a la alcald\u00eda con los votos de opositores y luego se alej\u00f3 de ellos.<\/strong><\/p>\n\n\n\n<p>Eso&nbsp; es un decir. Yo llegue a la alcald\u00eda con un pueblo. A m\u00ed me propuso la Alianza Democr\u00e1tica con el candidato a gobernador Octavio Orta y ellos, al final, me dejaron solo. Yo tuve que ir con una tarjeta nada m\u00e1s.<\/p>\n\n\n\n<p><strong>Es decir, \u00bfusted es un l\u00edder que est\u00e1 por encima de los partidos?<\/strong><\/p>\n\n\n\n<p>No es que yo sea un l\u00edder, es que este es un pueblo inteligente que vio que necesitaba una persona, que ten\u00edan una necesidad de ayuda y el tiempo lo est\u00e1 reconociendo.<\/p>\n\n\n\n<p>S\u00ed, pero van seis meses de gesti\u00f3n, \u00bfqu\u00e9 cree que piensan los zarace\u00f1os?<\/p>\n\n\n\n<p>Hemos hecho mucho en seis meses de gesti\u00f3n, la gente est\u00e1 contenta, ha recibido los beneficios que yo promet\u00ed. Hemos estado dando respuesta a los compromisos que asumimos,<\/p>\n\n\n\n<p><strong>\u00bfPor qu\u00e9 cree que votaron por usted y no por la opci\u00f3n del gobierno?<\/strong><\/p>\n\n\n\n<p>Bueno, por que vieron en Carlos Enrique Castillo \u00abCancha\u00bb una opci\u00f3n de un hombre que siempre ha estado con el pueblo y que siempre ha estado pendiente, incluso del deporte. Yo tuve una diferencia cercana a 3 mil votos a mi favor.&nbsp;<\/p>\n\n\n\n<p><strong>Usted fue el ganador, pero \u00bfqui\u00e9n fue el perdedor?<\/strong><\/p>\n\n\n\n<p>No fue f\u00e1cil, yo le gane a la oligarqu\u00eda, le gane a la oposici\u00f3n; a la MUD, ellos sacaron&nbsp; 227 votos. Le gan\u00e9 a la Alianza Democr\u00e1tica que me dejaron solo y le gan\u00e9 al Psuv<\/p>\n\n\n\n<p><strong>Ganar es sabroso, pero luego te encuentras una realidad: \u00bfC\u00f3mo hacer gesti\u00f3n con una alcald\u00eda que encontr\u00f3 quebrada?<\/strong><\/p>\n\n\n\n<p>Es muy cierto, han mermado los recurso de la alcald\u00eda, con las sanciones nos quitaron la mitad del situado y que realmente con estos recursos no podemos atender a una poblaci\u00f3n tan alta. Por eso surgen las alianzas y el esfuerzo.<\/p>\n\n\n\n<p>Por ejemplo, las zonas rurales me dieron a m\u00ed un gran triunfo. En este momento trabajamos con el patroleo de estos sectores.<\/p>\n\n\n\n<p>En Zaraza no colocaban asfalto desde hace muchos a\u00f1os. Yo lo logr\u00e9, con el apoyo del gobernador. En alianza colocamos 500 toneladas de asfalto. Me faltan 200 que las compr\u00e9&nbsp; ya. Siempre en alianza nacional, regional y municipal.<\/p>\n\n\n\n<p>El San Jos\u00e9 de Unare integramos a todos los sectores. All\u00ed recientemente hicimos las fiestas de esa parroquia. Usted ve a esa localidad en este momento y no se parece a la anterior. Limpiamos sus calles y se las demarcamos. Hemos limpiado sus quebradas y recogido los desechos s\u00f3lidos.<\/p>\n\n\n\n<p><strong>Zaraza, al igual que otros pueblos pareciera tener a\u00f1os de atraso: ni sem\u00e1foros tiene<\/strong><\/p>\n\n\n\n<p>Bueno, te inform\u00f3 que yo hice una gesti\u00f3n a trav\u00e9s del viceministro de transporte, ya tenemos los postes para siete sem\u00e1foros. El gobernador Jos\u00e9 V\u00e1squez nos va a dar las cajas. Esto es historia, estamos haciendo historia.<\/p>\n\n\n\n<p><strong>Hacer historia es una expresi\u00f3n muy grande \u00bfC\u00f3mo se hace historia en una gesti\u00f3n?<\/strong><\/p>\n\n\n\n<p>La primera historia la hice al derrotar al candidato del gobierno. Luego de 22 a\u00f1os surge un hombre del pueblo no de partido y que logramos el triunfo. Pero no significa que me vaya a engrandecer por que saqu\u00e9 4 mil votos de ventaja.<\/p>\n\n\n\n<p>Puede suceder que el pr\u00f3ximo a\u00f1o nazca o renazca otro l\u00edder con el mismo potencial m\u00edo y derrote al gobierno, dependiendo del comportamiento que tengamos nosotros.<\/p>\n\n\n\n<p><strong>\u00bfC\u00f3mo imagina&nbsp; a su municipio dentro de cuatro a\u00f1os?<\/strong><\/p>\n\n\n\n<p>Aspiro y trabajo por una Zaraza mejorada, claro, debemos ser realistas, los problemas de Zaraza son estructurales. Se necesitan muchos recursos, mucha inversi\u00f3n para resolver los problemas<\/p>\n\n\n\n<p><strong>\u00bfC\u00f3mo, cu\u00e1les problemas, por ejemplo?<\/strong><\/p>\n\n\n\n<p>Bueno, recuerda que la planta de tratamiento que tenemos la hicieron para 20 mil habitantes, hoy tenemos casi 100 mil. En este momento no hay una cantidad de dinero necesaria para solventar esta situaci\u00f3n.<\/p>\n\n\n\n<p><strong>Es grave el problema del agua<\/strong><\/p>\n\n\n\n<p>Sin embargo nosotros estamos mejorando el servicio; en el sector Calanche y Jabillal&nbsp; ya les est\u00e1 llegando el agua.<\/p>\n\n\n\n<p>Al sector Rodr\u00edguez Morales y Banco Obrero les est\u00e1 llegando agua por regadera, que no le llegaba hace a\u00f1os. Ese es un logro importante. En poco tiempo y con pocos recursos.<\/p>\n\n\n\n<p>Nos hemos reunido en alianzas, incluyendo la empresa privada para que nos ayuden a dar respuesta de los que m\u00e1s tienen a los que menos poseen.<\/p>\n\n\n\n<p><strong>\u00bfY la calidad del agua c\u00f3mo es?<\/strong><\/p>\n\n\n\n<p>Bueno, en la anterior gesti\u00f3n el agua era puro carato. Con un olor putrefacto. Ahora el agua est\u00e1 llegando transparente.&nbsp;<\/p>\n\n\n\n<p><strong>\u00bfA seis meses de su gesti\u00f3n, puede destacar una obra significativa?<\/strong><\/p>\n\n\n\n<p>Hemos hecho un gran esfuerzo para colocar 550 metros de tuber\u00edas de aguas blancas. Debo reconocer y agradecer el aporte del consejo comunal, eso beneficia a casi 400 familias. Estamos haciendo permanentemente la limpieza de las quebradas, sin recursos.<\/p>\n\n\n\n<p>La vialidad del vertedero de basura, esa es la v\u00eda de Las Calcetas, que con apoyo de la comunidad, resolvimos.<\/p>\n\n\n\n<p>Me acaban de informar que pronto tendremos una maquina D-9 para hacer el plan lagunero. Ahora que est\u00e1 empezando la \u00e9poca de lluvia. Aqu\u00ed se perdi\u00f3 ese plan y Dios mediante vamos ayudar a los productores construyendo sus lagunas para que tengan el agua y aguanten el verano.<\/p>\n\n\n\n<p><strong>Usted no es del Psuv, \u00bfC\u00f3mo hacer alianza con los rojos sin perder autonom\u00eda?<\/strong><\/p>\n\n\n\n<p>Bueno, muy f\u00e1cil, esta es una alianza de gobernabilidad en funci\u00f3n del pueblo. Yo lo he dicho muchas veces. Incluso lo he conversado con el ciudadano gobernador Jos\u00e9 V\u00e1squez, si el gobierno nacional y regional le da los requerimientos al municipio para resolver los problemas fundamentales medianamente, no tengo ning\u00fan tipo de problema. El pueblo es sabio, la Atenas del Gu\u00e1rico no se equivoc\u00f3 y quiere progreso.<\/p>\n\n\n\n<p><strong>\u00bfMuchos alcaldes y alcaldesas, luego de ganar, ahora cargan escoltas que nunca se le despegan, a qu\u00e9 le tendr\u00e1n miedo?<\/strong><\/p>\n\n\n\n<p>Yo no cargo seguridad, yo ando solo, yo no tengo por qu\u00e9 buscar seguridad. Yo pienso que el pueblo me protege y me quiere. Yo no necesito que me est\u00e9n cuidando.<\/p>\n\n\n\n<p>Mi conducta&nbsp; ha sido&nbsp; igualita. Incluso, ahora como alcalde, m\u00e1s humilde. La humildad es un paso para el respeto. Yo respeto a todo el mundo. Si en alg\u00fan momento he ofendido a alguien yo&nbsp; ofrezco disculpas.<\/p>\n\n\n\n<p><strong>Finalmente: Si tuviera cinco minutos con el presidente Maduro, \u00bfqu\u00e9 le pedir\u00eda?<\/strong><\/p>\n\n\n\n<p>La planta de tratamiento, v\u00edas rurales, v\u00edas de penetraci\u00f3n, la v\u00eda principal de Zaraza &#8211; Onoto. La v\u00eda principal&nbsp; de Zaraza &#8211; Aragua, nuestros l\u00edmites con Anzo\u00e1tegui.<\/p>\n\n\n\n<p>En Zaraza el tema grave es el del agua, un problema estructural, estamos claros, pero se necesita gran inversi\u00f3n, yo ando en eso.<\/p>\n\n\n\n<p>Cortes\u00eda de <strong>Orlando Medina Bencomo \/ El Tubazo Digital<\/strong>   <\/p>\n\n\n\n<p><\/p>\n","protected":false},"excerpt":{"rendered":"<p>Carlos&nbsp; Enrique Castillo es su nombre completo, pero pocos lo saben. Toda Zaraza y medio Gu\u00e1rico lo conoce como \u201cCancha\u201d y los m\u00e1s cercanos \u201cCanchita\u201d. A los 63 a\u00f1os se convirti\u00f3 en el alcalde de la Atenas del Gu\u00e1rico y hoy intenta abrirse paso en medio de la falta de<\/p>\n","protected":false},"author":2,"featured_media":4810,"comment_status":"open","ping_status":"open","sticky":false,"template":"","format":"standard","meta":{"advanced_seo_description":"","jetpack_seo_html_title":"","jetpack_seo_noindex":false,"_jetpack_memberships_contains_paid_content":false,"footnotes":"","jetpack_publicize_message":"","jetpack_publicize_feature_enabled":true,"jetpack_social_post_already_shared":true,"jetpack_social_options":{"image_generator_settings":{"template":"highway","enabled":false},"version":2}},"categories":[66],"tags":[8,7,32],"class_list":["post-4809","post","type-post","status-publish","format-standard","has-post-thumbnail","hentry","category-regionales","tag-altagraciadeorituco","tag-guarico","tag-webdealta",""],"jetpack_publicize_connections":[],"jetpack_featured_media_url":"https:\/\/webdealta.info\/wp-content\/uploads\/2022\/05\/webdealta-canchita.png","jetpack_sharing_enabled":true,"jetpack_likes_enabled":true,"jetpack-related-posts":[],"jetpack_shortlink":"https:\/\/wp.me\/pcseDn-1fz","_links":{"self":[{"href":"https:\/\/webdealta.info\/index.php?rest_route=\/wp\/v2\/posts\/4809","targetHints":{"allow":["GET"]}}],"collection":[{"href":"https:\/\/webdealta.info\/index.php?rest_route=\/wp\/v2\/posts"}],"about":[{"href":"https:\/\/webdealta.info\/index.php?rest_route=\/wp\/v2\/types\/post"}],"author":[{"embeddable":true,"href":"https:\/\/webdealta.info\/index.php?rest_route=\/wp\/v2\/users\/2"}],"replies":[{"embeddable":true,"href":"https:\/\/webdealta.info\/index.php?rest_route=%2Fwp%2Fv2%2Fcomments&post=4809"}],"version-history":[{"count":1,"href":"https:\/\/webdealta.info\/index.php?rest_route=\/wp\/v2\/posts\/4809\/revisions"}],"predecessor-version":[{"id":4811,"href":"https:\/\/webdealta.info\/index.php?rest_route=\/wp\/v2\/posts\/4809\/revisions\/4811"}],"wp:featuredmedia":[{"embeddable":true,"href":"https:\/\/webdealta.info\/index.php?rest_route=\/wp\/v2\/media\/4810"}],"wp:attachment":[{"href":"https:\/\/webdealta.info\/index.php?rest_route=%2Fwp%2Fv2%2Fmedia&parent=4809"}],"wp:term":[{"taxonomy":"category","embeddable":true,"href":"https:\/\/webdealta.info\/index.php?rest_route=%2Fwp%2Fv2%2Fcategories&post=4809"},{"taxonomy":"post_tag","embeddable":true,"href":"https:\/\/webdealta.info\/index.php?rest_route=%2Fwp%2Fv2%2Ftags&post=4809"}],"curies":[{"name":"wp","href":"https:\/\/api.w.org\/{rel}","templated":true}]}}