{"id":4805,"date":"2022-05-30T23:04:24","date_gmt":"2022-05-31T03:04:24","guid":{"rendered":"https:\/\/webdealta.info\/?p=4805"},"modified":"2022-05-30T23:04:25","modified_gmt":"2022-05-31T03:04:25","slug":"accion-democratica-votar-o-no-votar","status":"publish","type":"post","link":"https:\/\/webdealta.info\/?p=4805","title":{"rendered":"Acci\u00f3n Democr\u00e1tica: votar o no votar"},"content":{"rendered":"\n<p>Amanda Saldivia<\/p>\n\n\n\n<p>No est\u00e1 f\u00e1cil para la militancia del partido Acci\u00f3n Democr\u00e1tica el panorama actual, porque hay dos posturas marcadas en torno al proceso de actualizaci\u00f3n de las directivas en el \u00e1mbito nacional, regional y municipal, en virtud de las posiciones divergentes luego de la decisi\u00f3n del TSJ, el cual otorg\u00f3 al Bernab\u00e9 Guti\u00e9rrez el manejo de las siglas y orden\u00f3 el proceso interno que est\u00e1 en marcha.<\/p>\n\n\n\n<p>El pasado viernes la directiva de AD en el municipio Monagas, de la corriente de Henry Ramos Allup, emiti\u00f3 un comunicado en el cual expresan que no est\u00e1n \u201crealizando ning\u00fan tipo de elecciones, tampoco inscripciones de seguidores\u201d, al tiempo que expres\u00f3 que los s\u00edmbolos fueron secuestrados y est\u00e1n intervenidos por el r\u00e9gimen.<\/p>\n\n\n\n<p>M\u00e1s adelante, en el comunicado se puede leer que \u201cnos mantenemos firmes con nuestras autoridades nacionales, el Secretario General Henry Ramos Allup, Carlos Prosperi, Secretario de Organizaci\u00f3n y dem\u00e1s miembros del CEN. Nuestras leg\u00edtimas autoridades\u201d, comunicado firmado por Carmen Cecilia Aragort, Secretaria General y Franc Nieves, Secretario de Organizaci\u00f3n.<\/p>\n\n\n\n<p>Una vez difundido el comunicado, otro fue enviado a la sala de redacci\u00f3n de este medio digital por parte de la directiva del ala de Bernab\u00e9 Guti\u00e9rrez. En el aclaran, \u201cque si hubo un proceso de inscripci\u00f3n y recenso que culmin\u00f3 el paso 15 de mayo, igualmente, queremos manifestar que AD tiene una sola ideolog\u00eda, estatutos y por ende una sola tarjeta que pertenece a todos los militantes de nuestra organizaci\u00f3n pol\u00edtica de igual manera se celebra un proceso de elecciones internas el pr\u00f3ximo 11 de junio donde m\u00e1s 200 mil militantes elegir\u00e1n las autoridades nacionales, seccionales y municipales\u201d.<\/p>\n\n\n\n<p>En el comunicado citan al \u201cComit\u00e9 Ejecutivo Municipal de Acci\u00f3n Democr\u00e1tica (E), leg\u00edtimamente constituido en Asamblea de Militantes el pasado 03 de febrero con presencia de sus autoridades Seccionales, diputado Antonio Mugueza Sec. Gral, diputado Luis Medina Sec. Organizaci\u00f3n y otros miembros del CES\u201d y firmado por Zoraida Rivero, Secretaria General Municipal y Mauricio Almeida, Secretario de Organizaci\u00f3n Municipal.<\/p>\n\n\n\n<p>As\u00ed est\u00e1 el panorama de AD en el municipio Monagas, posiciones entre el votar o no votar en el proceso interno convocado.<\/p>\n\n\n\n<p>@amandasaldivia    <\/p>\n\n\n\n<p><\/p>\n","protected":false},"excerpt":{"rendered":"<p>Amanda Saldivia No est\u00e1 f\u00e1cil para la militancia del partido Acci\u00f3n Democr\u00e1tica el panorama actual, porque hay dos posturas marcadas en torno al proceso de actualizaci\u00f3n de las directivas en el \u00e1mbito nacional, regional y municipal, en virtud de las posiciones divergentes luego de la decisi\u00f3n del TSJ, el cual<\/p>\n","protected":false},"author":2,"featured_media":4806,"comment_status":"open","ping_status":"open","sticky":false,"template":"","format":"standard","meta":{"advanced_seo_description":"","jetpack_seo_html_title":"","jetpack_seo_noindex":false,"_jetpack_memberships_contains_paid_content":false,"footnotes":"","jetpack_publicize_message":"","jetpack_publicize_feature_enabled":true,"jetpack_social_post_already_shared":true,"jetpack_social_options":{"image_generator_settings":{"template":"highway","enabled":false},"version":2}},"categories":[142],"tags":[8,7,32],"class_list":["post-4805","post","type-post","status-publish","format-standard","has-post-thumbnail","hentry","category-politica","tag-altagraciadeorituco","tag-guarico","tag-webdealta",""],"jetpack_publicize_connections":[],"jetpack_featured_media_url":"https:\/\/webdealta.info\/wp-content\/uploads\/2022\/05\/ad-webdealta.png","jetpack_sharing_enabled":true,"jetpack_likes_enabled":true,"jetpack-related-posts":[],"jetpack_shortlink":"https:\/\/wp.me\/pcseDn-1fv","_links":{"self":[{"href":"https:\/\/webdealta.info\/index.php?rest_route=\/wp\/v2\/posts\/4805","targetHints":{"allow":["GET"]}}],"collection":[{"href":"https:\/\/webdealta.info\/index.php?rest_route=\/wp\/v2\/posts"}],"about":[{"href":"https:\/\/webdealta.info\/index.php?rest_route=\/wp\/v2\/types\/post"}],"author":[{"embeddable":true,"href":"https:\/\/webdealta.info\/index.php?rest_route=\/wp\/v2\/users\/2"}],"replies":[{"embeddable":true,"href":"https:\/\/webdealta.info\/index.php?rest_route=%2Fwp%2Fv2%2Fcomments&post=4805"}],"version-history":[{"count":1,"href":"https:\/\/webdealta.info\/index.php?rest_route=\/wp\/v2\/posts\/4805\/revisions"}],"predecessor-version":[{"id":4807,"href":"https:\/\/webdealta.info\/index.php?rest_route=\/wp\/v2\/posts\/4805\/revisions\/4807"}],"wp:featuredmedia":[{"embeddable":true,"href":"https:\/\/webdealta.info\/index.php?rest_route=\/wp\/v2\/media\/4806"}],"wp:attachment":[{"href":"https:\/\/webdealta.info\/index.php?rest_route=%2Fwp%2Fv2%2Fmedia&parent=4805"}],"wp:term":[{"taxonomy":"category","embeddable":true,"href":"https:\/\/webdealta.info\/index.php?rest_route=%2Fwp%2Fv2%2Fcategories&post=4805"},{"taxonomy":"post_tag","embeddable":true,"href":"https:\/\/webdealta.info\/index.php?rest_route=%2Fwp%2Fv2%2Ftags&post=4805"}],"curies":[{"name":"wp","href":"https:\/\/api.w.org\/{rel}","templated":true}]}}