{"id":4801,"date":"2022-05-30T22:33:23","date_gmt":"2022-05-31T02:33:23","guid":{"rendered":"https:\/\/webdealta.info\/?p=4801"},"modified":"2022-05-30T22:33:24","modified_gmt":"2022-05-31T02:33:24","slug":"brisas-de-orituco-articula-propone-y-obtiene-respuesta","status":"publish","type":"post","link":"https:\/\/webdealta.info\/?p=4801","title":{"rendered":"Brisas de Orituco: articula, propone y obtiene respuesta"},"content":{"rendered":"\n<p>La comunidad organizada del sector Brisas del Orituco, en el municipio Jos\u00e9 Tadeo Monagas, estado Gu\u00e1rico, manifest\u00f3 su preocupaci\u00f3n ante las problem\u00e1ticas que padecen, entre ellas el colapso de las aguas servidas, las deficiencias en el servicio de agua potable, las tomas clandestinas de energ\u00eda el\u00e9ctrica y el mal estado de la vialidad.<\/p>\n\n\n\n<p>As\u00ed fue expuesto en la mesa de di\u00e1logo que propici\u00f3 el Observatorio de Pol\u00edticas P\u00fablicas Municipales, La Gente Propone, proyecto impulsado por el Grupo Social CESAP y que ejecuta Acci\u00f3n Campesina en la parroquia Altagracia, con el objetivo de articular ante las autoridades las principales problem\u00e1ticas que afectan al sector, as\u00ed como exponer las propuestas para la soluci\u00f3n de los mismos.<\/p>\n\n\n\n<p>Al encuentro asisti\u00f3, a parte de los vecinos del sector Brisas del Orituco y zonas aleda\u00f1as, Alexis Barahona, director de Servicios P\u00fablicos de la alcald\u00eda del municipio Jos\u00e9 Tadeo Monagas, la concejala Andre\u00edna Zerpa y el ingeniero civil Jos\u00e9 Gregorio Bol\u00edvar.<\/p>\n\n\n\n<p>Por la comunidad se expres\u00f3 Robert Mendoza, quien enfatiz\u00f3 la importancia de darle soluci\u00f3n al colapso de las aguas servidas, antes de iniciar la reparaci\u00f3n de la vialidad, pues sin la canalizaci\u00f3n de las aguas negras el trabajo se realizar\u00eda en vano.<\/p>\n\n\n\n<p>Igualmente particip\u00f3 Marisabel Paredes, quien explic\u00f3 la grave situaci\u00f3n del colapso de las aguas servidas durante la \u00e9poca de lluvias, el cual afecta a Brisas del Orituco y a los sectores cercanos como La Uni\u00f3n, donde ella habita.<\/p>\n\n\n\n<p>Roberto Pe\u00f1a, promotor del equipo La Gente Propone, expuso mediante im\u00e1genes las problem\u00e1ticas de la comunidad, siendo las m\u00e1s destacadas las tomas clandestinas de electricidad, la falta de servicio de agua potable, la exposici\u00f3n de aguas servidas en la comunidad, as\u00ed como el mal estado de la vialidad.<\/p>\n\n\n\n<p>El director de servicios p\u00fablicos, Alexis Barahona, indic\u00f3 que el ente p\u00fablico cuenta con la disponibilidad de la tuber\u00eda, equivalente a 126 metros destinados a resolver el problema de las aguas servidas. El funcionario, manifest\u00f3 estar en la disposici\u00f3n de trabajar en conjunto con los habitantes del sector e invit\u00f3 a la comunidad a organizarse para presentarle un proyecto de manera m\u00e1s detallada y trabajar en conjunto.<\/p>\n\n\n\n<p>Por su parte, la concejala Andreina Zerpa solicit\u00f3 a los habitantes realizar un informe sobre la situaci\u00f3n del agua, el cual ser\u00e1 presentado a la alcald\u00eda y posteriormente a la Gobernaci\u00f3n del estado Gu\u00e1rico, recalcando la importancia de la participaci\u00f3n y organizaci\u00f3n de los ciudadanos en Brisas de Orituco.<\/p>\n\n\n\n<p>El observatorio de pol\u00edticas p\u00fablicas municipales La Gente Propone es un proyecto ejecutado por el Grupo Social CESAP, la cual por 47 a\u00f1os ha promovido la construcci\u00f3n de una sociedad incluyente, impulsando la participaci\u00f3n de los sectores populares como actores y autores de la transformaci\u00f3n social.<\/p>\n\n\n\n<p>Prensa Orituco Propone   <\/p>\n\n\n\n<p><\/p>\n","protected":false},"excerpt":{"rendered":"<p>La comunidad organizada del sector Brisas del Orituco, en el municipio Jos\u00e9 Tadeo Monagas, estado Gu\u00e1rico, manifest\u00f3 su preocupaci\u00f3n ante las problem\u00e1ticas que padecen, entre ellas el colapso de las aguas servidas, las deficiencias en el servicio de agua potable, las tomas clandestinas de energ\u00eda el\u00e9ctrica y el mal estado<\/p>\n","protected":false},"author":2,"featured_media":4802,"comment_status":"open","ping_status":"open","sticky":false,"template":"","format":"standard","meta":{"advanced_seo_description":"","jetpack_seo_html_title":"","jetpack_seo_noindex":false,"_jetpack_memberships_contains_paid_content":false,"footnotes":"","jetpack_publicize_message":"","jetpack_publicize_feature_enabled":true,"jetpack_social_post_already_shared":true,"jetpack_social_options":{"image_generator_settings":{"template":"highway","enabled":false},"version":2}},"categories":[89],"tags":[8,7,32],"class_list":["post-4801","post","type-post","status-publish","format-standard","has-post-thumbnail","hentry","category-comunidad","tag-altagraciadeorituco","tag-guarico","tag-webdealta",""],"jetpack_publicize_connections":[],"jetpack_featured_media_url":"https:\/\/webdealta.info\/wp-content\/uploads\/2022\/05\/mesa-de-dialogo-webdealta.png","jetpack_sharing_enabled":true,"jetpack_likes_enabled":true,"jetpack-related-posts":[],"jetpack_shortlink":"https:\/\/wp.me\/pcseDn-1fr","_links":{"self":[{"href":"https:\/\/webdealta.info\/index.php?rest_route=\/wp\/v2\/posts\/4801","targetHints":{"allow":["GET"]}}],"collection":[{"href":"https:\/\/webdealta.info\/index.php?rest_route=\/wp\/v2\/posts"}],"about":[{"href":"https:\/\/webdealta.info\/index.php?rest_route=\/wp\/v2\/types\/post"}],"author":[{"embeddable":true,"href":"https:\/\/webdealta.info\/index.php?rest_route=\/wp\/v2\/users\/2"}],"replies":[{"embeddable":true,"href":"https:\/\/webdealta.info\/index.php?rest_route=%2Fwp%2Fv2%2Fcomments&post=4801"}],"version-history":[{"count":1,"href":"https:\/\/webdealta.info\/index.php?rest_route=\/wp\/v2\/posts\/4801\/revisions"}],"predecessor-version":[{"id":4803,"href":"https:\/\/webdealta.info\/index.php?rest_route=\/wp\/v2\/posts\/4801\/revisions\/4803"}],"wp:featuredmedia":[{"embeddable":true,"href":"https:\/\/webdealta.info\/index.php?rest_route=\/wp\/v2\/media\/4802"}],"wp:attachment":[{"href":"https:\/\/webdealta.info\/index.php?rest_route=%2Fwp%2Fv2%2Fmedia&parent=4801"}],"wp:term":[{"taxonomy":"category","embeddable":true,"href":"https:\/\/webdealta.info\/index.php?rest_route=%2Fwp%2Fv2%2Fcategories&post=4801"},{"taxonomy":"post_tag","embeddable":true,"href":"https:\/\/webdealta.info\/index.php?rest_route=%2Fwp%2Fv2%2Ftags&post=4801"}],"curies":[{"name":"wp","href":"https:\/\/api.w.org\/{rel}","templated":true}]}}