{"id":4772,"date":"2022-05-23T23:03:15","date_gmt":"2022-05-24T03:03:15","guid":{"rendered":"https:\/\/webdealta.info\/?p=4772"},"modified":"2022-05-23T23:03:16","modified_gmt":"2022-05-24T03:03:16","slug":"misa-procesion-y-obra-social-para-resaltar-a-santa-rita","status":"publish","type":"post","link":"https:\/\/webdealta.info\/?p=4772","title":{"rendered":"Misa, procesi\u00f3n y obra social para resaltar a Santa Rita"},"content":{"rendered":"\n<p>Amanda Saldivia.-<\/p>\n\n\n\n<p>Con eucarist\u00eda, procesi\u00f3n y obra social celebraron, el pasado domingo 22 de mayo, el d\u00eda de Santa Rita de Casia en la iglesia San Jos\u00e9 Obrero de Altagracia de Orituco, lugar donde se congregaron los devotos para ratificar la fe en torno a esta figura religiosa considerada la \u201cpatrona de lo imposible\u201d.<\/p>\n\n\n\n<p>Marielis Quintana, vicepresidenta de la Sociedad de Santa Rita de Casia, se\u00f1al\u00f3 que fue el padre Leopoldo Loaiza, p\u00e1rroco de San Jos\u00e9 Obrero, quien llev\u00f3 la imagen al templo hace unos 25 a\u00f1os y a partir de ese momento comenz\u00f3 la veneraci\u00f3n, la cual se ha mantenido a pesar de que \u00e9l ya no est\u00e1 f\u00edsicamente.<\/p>\n\n\n\n<p>Este a\u00f1o 2022, luego de superar las restricciones por la pandemia, nuevamente hubo misa oficiada por el padre Luis M\u00e1rquez, procesi\u00f3n y hasta llevaron canastillas a dos ni\u00f1os que nacieron ese domingo en el hospital Dr. Jos\u00e9 Francisco Torrealba de esa localidad guarique\u00f1a.<\/p>\n\n\n\n<p>Para Marielis Quintana fue un momento especial entregar las canastillas, junto al resto de la Sociedad de Santa Rita de Casia y precis\u00f3 que una fue para Katiuska Vilera de 24 a\u00f1os de edad, residenciada en Apamate, madre de la ni\u00f1a Rita Nazareth y la otra para Milagros Punchilupe de 32 a\u00f1os, habitante de Guaiquer\u00edes, quien dio a luz a Rainer Isacc.<\/p>\n\n\n\n<p>Por \u00faltimo, se\u00f1al\u00f3 que habr\u00e1 nuevos encuentros de los devotos de Santa Rita, a los fines de acordar qu\u00e9 otras acciones de tipo social har\u00e1n en favor de los m\u00e1s necesitados, adem\u00e1s de seguir con el apoyo al padre Luis M\u00e1rquez para la restauraci\u00f3n del templo parroquial.<\/p>\n\n\n\n<p>@amandasaldivia   <\/p>\n\n\n\n<p><\/p>\n","protected":false},"excerpt":{"rendered":"<p>Amanda Saldivia.- Con eucarist\u00eda, procesi\u00f3n y obra social celebraron, el pasado domingo 22 de mayo, el d\u00eda de Santa Rita de Casia en la iglesia San Jos\u00e9 Obrero de Altagracia de Orituco, lugar donde se congregaron los devotos para ratificar la fe en torno a esta figura religiosa considerada la<\/p>\n","protected":false},"author":2,"featured_media":4773,"comment_status":"open","ping_status":"open","sticky":false,"template":"","format":"standard","meta":{"advanced_seo_description":"","jetpack_seo_html_title":"","jetpack_seo_noindex":false,"_jetpack_memberships_contains_paid_content":false,"footnotes":"","jetpack_publicize_message":"","jetpack_publicize_feature_enabled":true,"jetpack_social_post_already_shared":true,"jetpack_social_options":{"image_generator_settings":{"template":"highway","enabled":false},"version":2}},"categories":[42],"tags":[8,7,32],"class_list":["post-4772","post","type-post","status-publish","format-standard","has-post-thumbnail","hentry","category-iglesia-catolica","tag-altagraciadeorituco","tag-guarico","tag-webdealta",""],"jetpack_publicize_connections":[],"jetpack_featured_media_url":"https:\/\/webdealta.info\/wp-content\/uploads\/2022\/05\/Santa-Rita-de-Casia-Webdealta.png","jetpack_sharing_enabled":true,"jetpack_likes_enabled":true,"jetpack-related-posts":[],"jetpack_shortlink":"https:\/\/wp.me\/pcseDn-1eY","_links":{"self":[{"href":"https:\/\/webdealta.info\/index.php?rest_route=\/wp\/v2\/posts\/4772","targetHints":{"allow":["GET"]}}],"collection":[{"href":"https:\/\/webdealta.info\/index.php?rest_route=\/wp\/v2\/posts"}],"about":[{"href":"https:\/\/webdealta.info\/index.php?rest_route=\/wp\/v2\/types\/post"}],"author":[{"embeddable":true,"href":"https:\/\/webdealta.info\/index.php?rest_route=\/wp\/v2\/users\/2"}],"replies":[{"embeddable":true,"href":"https:\/\/webdealta.info\/index.php?rest_route=%2Fwp%2Fv2%2Fcomments&post=4772"}],"version-history":[{"count":1,"href":"https:\/\/webdealta.info\/index.php?rest_route=\/wp\/v2\/posts\/4772\/revisions"}],"predecessor-version":[{"id":4774,"href":"https:\/\/webdealta.info\/index.php?rest_route=\/wp\/v2\/posts\/4772\/revisions\/4774"}],"wp:featuredmedia":[{"embeddable":true,"href":"https:\/\/webdealta.info\/index.php?rest_route=\/wp\/v2\/media\/4773"}],"wp:attachment":[{"href":"https:\/\/webdealta.info\/index.php?rest_route=%2Fwp%2Fv2%2Fmedia&parent=4772"}],"wp:term":[{"taxonomy":"category","embeddable":true,"href":"https:\/\/webdealta.info\/index.php?rest_route=%2Fwp%2Fv2%2Fcategories&post=4772"},{"taxonomy":"post_tag","embeddable":true,"href":"https:\/\/webdealta.info\/index.php?rest_route=%2Fwp%2Fv2%2Ftags&post=4772"}],"curies":[{"name":"wp","href":"https:\/\/api.w.org\/{rel}","templated":true}]}}