{"id":4736,"date":"2022-05-19T11:06:52","date_gmt":"2022-05-19T15:06:52","guid":{"rendered":"https:\/\/webdealta.info\/?p=4736"},"modified":"2022-05-19T12:42:55","modified_gmt":"2022-05-19T16:42:55","slug":"sabana-grande-entronizada-imagen-del-medico-de-los-pobres","status":"publish","type":"post","link":"https:\/\/webdealta.info\/?p=4736","title":{"rendered":"Sabana Grande: entronizada imagen del \u00abM\u00e9dico de los Pobres\u00bb"},"content":{"rendered":"\n<p>Amanda Saldivia.-<\/p>\n\n\n\n<p>La imagen del Beato Dr. Jos\u00e9 Gregorio Hern\u00e1ndez fue entronizada en la iglesia de Sabana Grande de Orituco, para cumplir la promesa que en vida hizo Manuel Loreto, quien so\u00f1aba que el \u201cM\u00e9dico de los Pobres\u201d fuera elevado a los altares para venerarlo en el templo de la comunidad que lo acogi\u00f3 desde temprana edad.<\/p>\n\n\n\n<p>Manuel Antonio Loreto, naci\u00f3 en Altagracia de Orituco el 22 de junio de 1915 y fue llevado por su madre a Sabana Grande, donde fund\u00f3 la bodega La Campesina, ubicada en la calle principal de ese poblado guarique\u00f1o y en el cual se destac\u00f3 a\u00f1os m\u00e1s tarde como Juez del entonces municipio Carlos Soublette del Distrito Jos\u00e9 Tadeo Monagas.<\/p>\n\n\n\n<p>De acuerdo a la informaci\u00f3n aportada por Jos\u00e9 Tom\u00e1s Loreto Saldivia, la devoci\u00f3n de su padre por el beato fue \u201cdesde su juventud y ante la enfermedad de su primera hija Aura Rosa Loreto Saldivia y dada las limitaciones m\u00e9dicas del momento, le encomienda la salud de la menor al Dr. Jos\u00e9 Gregorio Hern\u00e1ndez\u201d.<\/p>\n\n\n\n<p>Relat\u00f3, que su padre le contaba que una ma\u00f1ana al levantarse encontr\u00f3 un papel con las indicaciones del jarabe que deb\u00eda prepararle a la ni\u00f1a con la planta silvestre Fregosa y al cumplir la receta, el cuadro cl\u00ednico mejor\u00f3 significativamente, lo cual atribuy\u00f3 a la intersecci\u00f3n del Dr. Jos\u00e9 Gregorio Hern\u00e1ndez.<\/p>\n\n\n\n<p>Jos\u00e9 Tom\u00e1s Loreto agreg\u00f3, que este testimonio de fe llev\u00f3 a que su padre hiciera la promesa de llevar la imagen del Dr. Jos\u00e9 Gregorio Hern\u00e1ndez al templo de Sabana Grande de Orituco, una vez que la iglesia lo elevara a los altares, pero eso lleg\u00f3 cuando \u00e9l ya lo estaba f\u00edsicamente, porque falleci\u00f3 el 27 de junio de 2006 y el acto de beatificaci\u00f3n fue 30 de abril de 2021.<\/p>\n\n\n\n<p>Sin embargo, esa promesa la cumpli\u00f3 la familia Loreto Saldivia el pasado siete de mayo de 2022 y de acuerdo a lo expresado por Jos\u00e9 Tom\u00e1s Loreto \u201cun acto personal de fe se convirti\u00f3 en un hermoso e inolvidable momento para el encuentro familiar y de toda una comunidad que acompa\u00f1\u00f3 la procesi\u00f3n, el acto religioso y la santa misa por su entronizaci\u00f3n. Lo hicimos bajo el brillo celestial de los corazones puros de hombres y mujeres, so\u00f1adores y constructores de pueblos: Rosa Antonia y Jes\u00fas Alcal\u00e1, Jos\u00e9 Antonio Garc\u00eda, Mar\u00eda Lionza y Jos\u00e9 Antonio P\u00e9rez, Carmen y Manuel Garc\u00eda, Octavio Chacin, Juan, Tom\u00e1s y Jos\u00e9 Le\u00f3n Machado, Jos\u00e9 Vargas y otros tantos que ahora y por aqu\u00ed viven, acompa\u00f1ados por esposas, hijos y amigos\u201d.<\/p>\n\n\n\n<p>Hubo una procesi\u00f3n \u201ca la voz del Gloria al Bravo Pueblo, la poes\u00eda y las l\u00e1grimas de la ni\u00f1a Ana Isabel; los cantos, la alegr\u00eda y la energ\u00eda de los j\u00f3venes estudiantes que caminaron desde la entrada hasta la Santa Iglesia parroquial; la bendici\u00f3n del Padre Sim\u00f3n y las palabras de Rosario Saldivia, para muchos sorprendidos al verle leer sin lentes\u201d, cont\u00f3 Loreto Saldivia.<\/p>\n\n\n\n<p>En los datos aportados a este medio digital, destac\u00f3 que estuvieron presentes los hijos del se\u00f1or Manuel Loreto, ellos son \u201cAura Rosa, Jos\u00e9 Tom\u00e1s, Julio Cesar, Ana Teresa y Nancys Nazareth\u201d, adem\u00e1s que estima la asistencia de m\u00e1s de 100 personas \u201cen su mayor\u00eda de las familias de esos hombres que he llamado constructores de pueblos: Octavio Chacin; Jos\u00e9 Antonio Garcia; Trino Bandres; Jos\u00e9 Vargas; Sim\u00f3n P\u00e9rez; Jos\u00e9 Antonio P\u00e9rez; Juan, Tom\u00e1s y Jos\u00e9 Le\u00f3n Machado. Nos acompa\u00f1aron sus hijos, nietos. Desde la Direcci\u00f3n de la Escuela y Liceo, prof. Trino Gonz\u00e1lez Bandres; Judith Garc\u00eda Loreto, Jes\u00fas Alberto P\u00e9rez, Salom\u00f3n Garc\u00eda Loreto, Esperanza Garc\u00eda Loreto, Jos\u00e9 Manuel Machado, Josefina Vargas, Genoveva Canache Barrios, Manuel Antonio Garc\u00eda P\u00e9rez, Jairo Bracho Lampe, Enrique P\u00e9rez P\u00e9rez, Yajaira Paruta de P\u00e9rez y Esperanza Acosta, entre otros.<\/p>\n\n\n\n<p>Historias de fe de esta tierra guarique\u00f1a. Ahora la imagen del Beato Dr. Jos\u00e9 Gregorio Hern\u00e1ndez est\u00e1 en la iglesia de Sabana Grande de Orituco como lo so\u00f1\u00f3 Manuel Antonio Loreto y queda la evidencia de como la petici\u00f3n por la salud de su hija Aura Rosa fue escuchada por Dios, gracias a la intersecci\u00f3n del \u201cM\u00e9dicos de los Pobres\u201d. &nbsp;<\/p>\n\n\n\n<p>@amandasaldivia<\/p>\n\n\n\n<p>Fotos cortes\u00eda  <\/p>\n\n\n\n<p><\/p>\n\n\n\n<p><\/p>\n","protected":false},"excerpt":{"rendered":"<p>Amanda Saldivia.- La imagen del Beato Dr. Jos\u00e9 Gregorio Hern\u00e1ndez fue entronizada en la iglesia de Sabana Grande de Orituco, para cumplir la promesa que en vida hizo Manuel Loreto, quien so\u00f1aba que el \u201cM\u00e9dico de los Pobres\u201d fuera elevado a los altares para venerarlo en el templo de la<\/p>\n","protected":false},"author":2,"featured_media":4737,"comment_status":"open","ping_status":"open","sticky":false,"template":"","format":"standard","meta":{"advanced_seo_description":"","jetpack_seo_html_title":"","jetpack_seo_noindex":false,"_jetpack_memberships_contains_paid_content":false,"footnotes":"","jetpack_publicize_message":"","jetpack_publicize_feature_enabled":true,"jetpack_social_post_already_shared":true,"jetpack_social_options":{"image_generator_settings":{"template":"highway","enabled":false},"version":2}},"categories":[314],"tags":[8,7,32],"class_list":["post-4736","post","type-post","status-publish","format-standard","has-post-thumbnail","hentry","category-historias-de-fe","tag-altagraciadeorituco","tag-guarico","tag-webdealta",""],"jetpack_publicize_connections":[],"jetpack_featured_media_url":"https:\/\/webdealta.info\/wp-content\/uploads\/2022\/05\/Jose-Gregorio-Hernan-webdealta.png","jetpack_sharing_enabled":true,"jetpack_likes_enabled":true,"jetpack-related-posts":[],"jetpack_shortlink":"https:\/\/wp.me\/pcseDn-1eo","_links":{"self":[{"href":"https:\/\/webdealta.info\/index.php?rest_route=\/wp\/v2\/posts\/4736","targetHints":{"allow":["GET"]}}],"collection":[{"href":"https:\/\/webdealta.info\/index.php?rest_route=\/wp\/v2\/posts"}],"about":[{"href":"https:\/\/webdealta.info\/index.php?rest_route=\/wp\/v2\/types\/post"}],"author":[{"embeddable":true,"href":"https:\/\/webdealta.info\/index.php?rest_route=\/wp\/v2\/users\/2"}],"replies":[{"embeddable":true,"href":"https:\/\/webdealta.info\/index.php?rest_route=%2Fwp%2Fv2%2Fcomments&post=4736"}],"version-history":[{"count":2,"href":"https:\/\/webdealta.info\/index.php?rest_route=\/wp\/v2\/posts\/4736\/revisions"}],"predecessor-version":[{"id":4739,"href":"https:\/\/webdealta.info\/index.php?rest_route=\/wp\/v2\/posts\/4736\/revisions\/4739"}],"wp:featuredmedia":[{"embeddable":true,"href":"https:\/\/webdealta.info\/index.php?rest_route=\/wp\/v2\/media\/4737"}],"wp:attachment":[{"href":"https:\/\/webdealta.info\/index.php?rest_route=%2Fwp%2Fv2%2Fmedia&parent=4736"}],"wp:term":[{"taxonomy":"category","embeddable":true,"href":"https:\/\/webdealta.info\/index.php?rest_route=%2Fwp%2Fv2%2Fcategories&post=4736"},{"taxonomy":"post_tag","embeddable":true,"href":"https:\/\/webdealta.info\/index.php?rest_route=%2Fwp%2Fv2%2Ftags&post=4736"}],"curies":[{"name":"wp","href":"https:\/\/api.w.org\/{rel}","templated":true}]}}