{"id":4701,"date":"2022-05-13T12:19:07","date_gmt":"2022-05-13T16:19:07","guid":{"rendered":"https:\/\/webdealta.info\/?p=4701"},"modified":"2022-05-13T12:19:08","modified_gmt":"2022-05-13T16:19:08","slug":"ninos-derrocharon-talento-en-el-encuentro-espiga-del-orituco","status":"publish","type":"post","link":"https:\/\/webdealta.info\/?p=4701","title":{"rendered":"Ni\u00f1os derrocharon talento en el Encuentro Espiga del Orituco"},"content":{"rendered":"\n<p>Amanda Saldivia.-<\/p>\n\n\n\n<p>Con la participaci\u00f3n de estudiantes de 26 instituciones educativas del municipio Monagas, se realiz\u00f3 el Encuentro Espiga del Orituco, en el cual se seleccionaron a los ni\u00f1os y ni\u00f1as que representar\u00e1n a esta regi\u00f3n en el Festival Quitapesares, pautado para el mes de junio en Camagu\u00e1n.<\/p>\n\n\n\n<p>La profesora Iraima Acosta, enlace de cultura de la Red Educativa Municipal, destac\u00f3 que \u201cfue un trabajo en equipo, principalmente debo agradecer a las profesoras Yuli Santiago, Mayvelin Ynfante, Berkis Sifontes, al Circuito 3 Al\u00ed Primera, quienes fueron los organizadores, los enlaces de cultura de cada plantel educativo, a los docentes de aula que se sumaron a colaborar, a los padres y representantes, cultores, m\u00fasicos, animador, a la Alcald\u00eda, C\u00e1mara Municipal y al Prof. Luis Fern\u00e1ndez\u201d.<\/p>\n\n\n\n<p>Igualmente resalt\u00f3, la participaci\u00f3n de los ni\u00f1os por la \u201cbrillante presentaci\u00f3n en cada uno de los saberes\u201d y en nombre de la Dra. Susana Sayegh agradeci\u00f3 \u201cla colaboraci\u00f3n de los padrinos asignados a cada plantel educativo, a los observadores responsables de la selecci\u00f3n de los estudiantes que nos representar\u00e1n en el Quitapesares en el mes de junio en el municipio Esteros de Camagu\u00e1n\u201d.<\/p>\n\n\n\n<p>A continuaci\u00f3n las escuelas y estudiantes que viajar\u00e1n a representar al municipio Monagas en el evento regional:<\/p>\n\n\n\n<ul class=\"wp-block-list\"><li>Saber Artesan\u00eda: E.B.1525 Alto de Ipare. Estudiante: Estefan\u00eda Marrero.<\/li><\/ul>\n\n\n\n<ul class=\"wp-block-list\"><li>Saber Afiche: Laya Gandolfi Adri\u00e1n.<\/li><\/ul>\n\n\n\n<ul class=\"wp-block-list\"><li>Saber Cacho Llanero (Cuento exagerado) Plantel: E.B.1525 Alto de Ipare. Estudiante: Jos\u00e9 Ram\u00f3n Sierra.<\/li><\/ul>\n\n\n\n<ul class=\"wp-block-list\"><li>Saber Mon\u00f3logo: Plantel: E.B.1525 Alto de Ipare. Estudiante: Samanta Brito.<\/li><\/ul>\n\n\n\n<ul class=\"wp-block-list\"><li>Saber Joropo: Escuela B\u00e1sica Abelardo M\u00e9ndez. Estudiante: Roberto Navas, Abraham Rojas.<\/li><\/ul>\n\n\n\n<ul class=\"wp-block-list\"><li>Saber Solista: Escuela E.B. Los Guaiquer\u00edes. Estudiante: Dioscari Alvarado y Abraham Rojas.<\/li><\/ul>\n\n\n\n<ul class=\"wp-block-list\"><li>Saber Ejecuci\u00f3n de Instrumentos: E B. Orituco. Estudiante: Pablo Guacara<\/li><\/ul>\n\n\n\n<ul class=\"wp-block-list\"><li>Saber Declamaci\u00f3n: U.E.C. Padre Juan de Barnuevo. Estudiante: Antonella Criollo y Sebasti\u00e1n Pineda.<\/li><\/ul>\n\n\n\n<ul class=\"wp-block-list\"><li>Saber Danza: se conocer\u00e1 este s\u00e1bado y se escoger\u00e1n entre las escuelas La Cuman\u00e1 y Jos\u00e9 Tadeo Monagas.  <\/li><\/ul>\n\n\n\n<p>@amandasaldivia    <\/p>\n\n\n\n<p><\/p>\n","protected":false},"excerpt":{"rendered":"<p>Amanda Saldivia.- Con la participaci\u00f3n de estudiantes de 26 instituciones educativas del municipio Monagas, se realiz\u00f3 el Encuentro Espiga del Orituco, en el cual se seleccionaron a los ni\u00f1os y ni\u00f1as que representar\u00e1n a esta regi\u00f3n en el Festival Quitapesares, pautado para el mes de junio en Camagu\u00e1n. La profesora<\/p>\n","protected":false},"author":2,"featured_media":4702,"comment_status":"open","ping_status":"open","sticky":false,"template":"","format":"standard","meta":{"advanced_seo_description":"","jetpack_seo_html_title":"","jetpack_seo_noindex":false,"_jetpack_memberships_contains_paid_content":false,"footnotes":"","jetpack_publicize_message":"","jetpack_publicize_feature_enabled":true,"jetpack_social_post_already_shared":true,"jetpack_social_options":{"image_generator_settings":{"template":"highway","enabled":false},"version":2}},"categories":[151],"tags":[8,7,32],"class_list":["post-4701","post","type-post","status-publish","format-standard","has-post-thumbnail","hentry","category-educacion","tag-altagraciadeorituco","tag-guarico","tag-webdealta",""],"jetpack_publicize_connections":[],"jetpack_featured_media_url":"https:\/\/webdealta.info\/wp-content\/uploads\/2022\/05\/festival-webdealta.png","jetpack_sharing_enabled":true,"jetpack_likes_enabled":true,"jetpack-related-posts":[],"jetpack_shortlink":"https:\/\/wp.me\/pcseDn-1dP","_links":{"self":[{"href":"https:\/\/webdealta.info\/index.php?rest_route=\/wp\/v2\/posts\/4701","targetHints":{"allow":["GET"]}}],"collection":[{"href":"https:\/\/webdealta.info\/index.php?rest_route=\/wp\/v2\/posts"}],"about":[{"href":"https:\/\/webdealta.info\/index.php?rest_route=\/wp\/v2\/types\/post"}],"author":[{"embeddable":true,"href":"https:\/\/webdealta.info\/index.php?rest_route=\/wp\/v2\/users\/2"}],"replies":[{"embeddable":true,"href":"https:\/\/webdealta.info\/index.php?rest_route=%2Fwp%2Fv2%2Fcomments&post=4701"}],"version-history":[{"count":1,"href":"https:\/\/webdealta.info\/index.php?rest_route=\/wp\/v2\/posts\/4701\/revisions"}],"predecessor-version":[{"id":4703,"href":"https:\/\/webdealta.info\/index.php?rest_route=\/wp\/v2\/posts\/4701\/revisions\/4703"}],"wp:featuredmedia":[{"embeddable":true,"href":"https:\/\/webdealta.info\/index.php?rest_route=\/wp\/v2\/media\/4702"}],"wp:attachment":[{"href":"https:\/\/webdealta.info\/index.php?rest_route=%2Fwp%2Fv2%2Fmedia&parent=4701"}],"wp:term":[{"taxonomy":"category","embeddable":true,"href":"https:\/\/webdealta.info\/index.php?rest_route=%2Fwp%2Fv2%2Fcategories&post=4701"},{"taxonomy":"post_tag","embeddable":true,"href":"https:\/\/webdealta.info\/index.php?rest_route=%2Fwp%2Fv2%2Ftags&post=4701"}],"curies":[{"name":"wp","href":"https:\/\/api.w.org\/{rel}","templated":true}]}}