{"id":4698,"date":"2022-05-12T21:25:30","date_gmt":"2022-05-13T01:25:30","guid":{"rendered":"https:\/\/webdealta.info\/?p=4698"},"modified":"2022-05-12T21:25:31","modified_gmt":"2022-05-13T01:25:31","slug":"cronista-propone-que-el-municipio-se-llame-orituco","status":"publish","type":"post","link":"https:\/\/webdealta.info\/?p=4698","title":{"rendered":"Cronista propone que el municipio se llame Orituco"},"content":{"rendered":"\n<p>Amanda Saldivia.-<\/p>\n\n\n\n<p>Lo que se ha discutido informalmente por a\u00f1os en Altagracia se concret\u00f3, con la propuesta de cambio de nombre del municipio solicitada por el cronista Dr. Carlos L\u00f3pez Garc\u00e9s, para que esta regi\u00f3n guarique\u00f1a se identifique como Orituco y no Jos\u00e9 Tadeo Monagas, top\u00f3nimo asignado a finales del siglo XIX.<\/p>\n\n\n\n<p>De acuerdo a informaci\u00f3n emanada por el Concejo Municipal, la misiva fue enviada al alcalde Pedro Sol\u00f3rzano y este la remiti\u00f3 a ese cuerpo edilicio para comenzar el proceso de discusi\u00f3n, no solo sobre el top\u00f3nimo del municipio, sino tambi\u00e9n el cambio de nombre de la calle Pell\u00f3n y Palacios.<\/p>\n\n\n\n<p>La comunicaci\u00f3n fue admitida en la sesi\u00f3n ordinaria n\u00famero 07\/2022 de fecha 11 de mayo de 2022, en la cual los ediles recibieron el documento y abrir\u00e1n el debate en un pr\u00f3ximo encuentro. De acuerdo a lo expresado por la concejala Andreina Zerpa, la intenci\u00f3n de todos es discutir el tema y definir los pasos que seguir\u00e1n para darle viabilidad a los cambios propuestos.<\/p>\n\n\n\n<p>@amandasaldivia   <\/p>\n\n\n\n<p><\/p>\n","protected":false},"excerpt":{"rendered":"<p>Amanda Saldivia.- Lo que se ha discutido informalmente por a\u00f1os en Altagracia se concret\u00f3, con la propuesta de cambio de nombre del municipio solicitada por el cronista Dr. Carlos L\u00f3pez Garc\u00e9s, para que esta regi\u00f3n guarique\u00f1a se identifique como Orituco y no Jos\u00e9 Tadeo Monagas, top\u00f3nimo asignado a finales del<\/p>\n","protected":false},"author":2,"featured_media":4564,"comment_status":"open","ping_status":"open","sticky":false,"template":"","format":"standard","meta":{"advanced_seo_description":"","jetpack_seo_html_title":"","jetpack_seo_noindex":false,"_jetpack_memberships_contains_paid_content":false,"footnotes":"","jetpack_publicize_message":"","jetpack_publicize_feature_enabled":true,"jetpack_social_post_already_shared":true,"jetpack_social_options":{"image_generator_settings":{"template":"highway","enabled":false},"version":2}},"categories":[15],"tags":[8,32],"class_list":["post-4698","post","type-post","status-publish","format-standard","has-post-thumbnail","hentry","category-municipalidad","tag-altagraciadeorituco","tag-webdealta",""],"jetpack_publicize_connections":[],"jetpack_featured_media_url":"https:\/\/webdealta.info\/wp-content\/uploads\/2022\/04\/altagracia-de-orituco-webdealta.png","jetpack_sharing_enabled":true,"jetpack_likes_enabled":true,"jetpack-related-posts":[],"jetpack_shortlink":"https:\/\/wp.me\/pcseDn-1dM","_links":{"self":[{"href":"https:\/\/webdealta.info\/index.php?rest_route=\/wp\/v2\/posts\/4698","targetHints":{"allow":["GET"]}}],"collection":[{"href":"https:\/\/webdealta.info\/index.php?rest_route=\/wp\/v2\/posts"}],"about":[{"href":"https:\/\/webdealta.info\/index.php?rest_route=\/wp\/v2\/types\/post"}],"author":[{"embeddable":true,"href":"https:\/\/webdealta.info\/index.php?rest_route=\/wp\/v2\/users\/2"}],"replies":[{"embeddable":true,"href":"https:\/\/webdealta.info\/index.php?rest_route=%2Fwp%2Fv2%2Fcomments&post=4698"}],"version-history":[{"count":1,"href":"https:\/\/webdealta.info\/index.php?rest_route=\/wp\/v2\/posts\/4698\/revisions"}],"predecessor-version":[{"id":4699,"href":"https:\/\/webdealta.info\/index.php?rest_route=\/wp\/v2\/posts\/4698\/revisions\/4699"}],"wp:featuredmedia":[{"embeddable":true,"href":"https:\/\/webdealta.info\/index.php?rest_route=\/wp\/v2\/media\/4564"}],"wp:attachment":[{"href":"https:\/\/webdealta.info\/index.php?rest_route=%2Fwp%2Fv2%2Fmedia&parent=4698"}],"wp:term":[{"taxonomy":"category","embeddable":true,"href":"https:\/\/webdealta.info\/index.php?rest_route=%2Fwp%2Fv2%2Fcategories&post=4698"},{"taxonomy":"post_tag","embeddable":true,"href":"https:\/\/webdealta.info\/index.php?rest_route=%2Fwp%2Fv2%2Ftags&post=4698"}],"curies":[{"name":"wp","href":"https:\/\/api.w.org\/{rel}","templated":true}]}}