{"id":4690,"date":"2022-05-10T22:47:03","date_gmt":"2022-05-11T02:47:03","guid":{"rendered":"https:\/\/webdealta.info\/?p=4690"},"modified":"2022-05-10T22:47:03","modified_gmt":"2022-05-11T02:47:03","slug":"urge-sustituir-el-techo-de-la-fundacion-del-nino","status":"publish","type":"post","link":"https:\/\/webdealta.info\/?p=4690","title":{"rendered":"Urge sustituir el techo de la Fundaci\u00f3n del Ni\u00f1o"},"content":{"rendered":"\n<p>Amanda Saldivia.-<\/p>\n\n\n\n<p>Pasan los a\u00f1os y empeoran las condiciones de la planta f\u00edsica de la Fundaci\u00f3n del Ni\u00f1o, sede Altagracia de Orituco, porque cada vez que se inicia el per\u00edodo de lluvias es imposible la permanencia en el \u00e1rea de maternal y en los salones del preescolar, porque aplica la expresi\u00f3n popular \u201cm\u00e1s llueve adentro que afuera\u201d, eso en referencia al deterioro del techo.<\/p>\n\n\n\n<p>En las fotograf\u00edas, enviadas en la ma\u00f1ana de este martes 10 de mayo a este medio digital, se pueden apreciar los huecos en el techo y los salones mojados, situaci\u00f3n que tiene m\u00e1s de 15 a\u00f1os, sin que hasta la fecha hayan recibido respuesta positiva para la sustituci\u00f3n del \u00e1rea da\u00f1ada, a pesar de las m\u00faltiples gestiones de los directivos que han pasado por esa instituci\u00f3n en ese per\u00edodo.<\/p>\n\n\n\n<p>Las evidencias fotogr\u00e1ficas estaban acompa\u00f1adas por el mensaje de una trabajadora de la Fundaci\u00f3n, cuyo nombre nos reservamos. Dice que la \u201cFundaci\u00f3n del Ni\u00f1o tiene tiempo ya as\u00ed, esta instituci\u00f3n ha solicitado apoyo a los diferentes \u00e1mbitos pol\u00edticos y p\u00fablicos con relaci\u00f3n al techo, pero nunca se ha tenido respuesta\u201d.<\/p>\n\n\n\n<p>M\u00e1s adelante expresa que \u201clos ni\u00f1os estaban asistiendo a clases presenciales, sin embargo en vista de que han comenzado las lluvias, ya no se pueden tener en dichas instalaciones, porque toda la instituci\u00f3n tiene goteras, todas las \u00e1reas est\u00e1n mojadas como podr\u00e1 ver en la fotos y hoy no ten\u00edan donde ubicar a los ni\u00f1os para recibir sus clases, porque todo estaba inundado\u201d.<\/p>\n\n\n\n<p>Un nuevo per\u00edodo de lluvias en curso y el llamado es el mismo, es necesario invertir recursos en la sustituci\u00f3n del techo de la Fundaci\u00f3n de Ni\u00f1o Pedro Zaraza.<\/p>\n\n\n\n<p>@amandasaldivia    <\/p>\n\n\n\n<p><\/p>\n","protected":false},"excerpt":{"rendered":"<p>Amanda Saldivia.- Pasan los a\u00f1os y empeoran las condiciones de la planta f\u00edsica de la Fundaci\u00f3n del Ni\u00f1o, sede Altagracia de Orituco, porque cada vez que se inicia el per\u00edodo de lluvias es imposible la permanencia en el \u00e1rea de maternal y en los salones del preescolar, porque aplica la<\/p>\n","protected":false},"author":2,"featured_media":4691,"comment_status":"open","ping_status":"open","sticky":false,"template":"","format":"standard","meta":{"advanced_seo_description":"","jetpack_seo_html_title":"","jetpack_seo_noindex":false,"_jetpack_memberships_contains_paid_content":false,"footnotes":"","jetpack_publicize_message":"","jetpack_publicize_feature_enabled":true,"jetpack_social_post_already_shared":true,"jetpack_social_options":{"image_generator_settings":{"template":"highway","enabled":false},"version":2}},"categories":[313],"tags":[8,7,32],"class_list":["post-4690","post","type-post","status-publish","format-standard","has-post-thumbnail","hentry","category-infraestructura","tag-altagraciadeorituco","tag-guarico","tag-webdealta",""],"jetpack_publicize_connections":[],"jetpack_featured_media_url":"https:\/\/webdealta.info\/wp-content\/uploads\/2022\/05\/fundacion-del-nino-webdealta-1.png","jetpack_sharing_enabled":true,"jetpack_likes_enabled":true,"jetpack-related-posts":[],"jetpack_shortlink":"https:\/\/wp.me\/pcseDn-1dE","_links":{"self":[{"href":"https:\/\/webdealta.info\/index.php?rest_route=\/wp\/v2\/posts\/4690","targetHints":{"allow":["GET"]}}],"collection":[{"href":"https:\/\/webdealta.info\/index.php?rest_route=\/wp\/v2\/posts"}],"about":[{"href":"https:\/\/webdealta.info\/index.php?rest_route=\/wp\/v2\/types\/post"}],"author":[{"embeddable":true,"href":"https:\/\/webdealta.info\/index.php?rest_route=\/wp\/v2\/users\/2"}],"replies":[{"embeddable":true,"href":"https:\/\/webdealta.info\/index.php?rest_route=%2Fwp%2Fv2%2Fcomments&post=4690"}],"version-history":[{"count":1,"href":"https:\/\/webdealta.info\/index.php?rest_route=\/wp\/v2\/posts\/4690\/revisions"}],"predecessor-version":[{"id":4692,"href":"https:\/\/webdealta.info\/index.php?rest_route=\/wp\/v2\/posts\/4690\/revisions\/4692"}],"wp:featuredmedia":[{"embeddable":true,"href":"https:\/\/webdealta.info\/index.php?rest_route=\/wp\/v2\/media\/4691"}],"wp:attachment":[{"href":"https:\/\/webdealta.info\/index.php?rest_route=%2Fwp%2Fv2%2Fmedia&parent=4690"}],"wp:term":[{"taxonomy":"category","embeddable":true,"href":"https:\/\/webdealta.info\/index.php?rest_route=%2Fwp%2Fv2%2Fcategories&post=4690"},{"taxonomy":"post_tag","embeddable":true,"href":"https:\/\/webdealta.info\/index.php?rest_route=%2Fwp%2Fv2%2Ftags&post=4690"}],"curies":[{"name":"wp","href":"https:\/\/api.w.org\/{rel}","templated":true}]}}