{"id":4674,"date":"2022-05-08T16:56:35","date_gmt":"2022-05-08T20:56:35","guid":{"rendered":"https:\/\/webdealta.info\/?p=4674"},"modified":"2022-05-08T16:56:36","modified_gmt":"2022-05-08T20:56:36","slug":"fundacion-dr-pedro-maria-arevalo-resalto-tradiciones-del-orituco","status":"publish","type":"post","link":"https:\/\/webdealta.info\/?p=4674","title":{"rendered":"Fundaci\u00f3n Dr. Pedro Mar\u00eda Ar\u00e9valo resalt\u00f3 tradiciones del Orituco"},"content":{"rendered":"\n<p>Amanda Saldivia.-<\/p>\n\n\n\n<p>La Fundaci\u00f3n Dr. Pedro Mar\u00eda Ar\u00e9valo Cede\u00f1o, instituci\u00f3n de Altagracia de Orituco con m\u00e1s de 40 a\u00f1os de trayectoria en pro del realce de la cultura de esta regi\u00f3n guarique\u00f1a, celebr\u00f3 un acto especial para honrar la tradici\u00f3n de la Cruz de Mayo y exponer los trabajos realizados por quienes participaron en los talleres de formaci\u00f3n.<\/p>\n\n\n\n<p>La actividad se realiz\u00f3 este s\u00e1bado 7 de mayo en la sede de esa instituci\u00f3n, ubicada en la calle Ilustres Pr\u00f3ceres de Altagracia de Orituco, donde se dieron cita invitados especiales, cultores, instructores de los talleres, miembros y directivos de la Fundaci\u00f3n, quienes compartieron por m\u00e1s de cuatro horas.<\/p>\n\n\n\n<p>El acto se inici\u00f3 con las palabras de bienvenida del presidente de la Fundaci\u00f3n, el arquitecto Alfredo D\u00b4suze y posteriormente la intervenci\u00f3n de Eduardo Adames, vicepresidente, quien hizo un repaso por la misi\u00f3n que cumple esa instituci\u00f3n en el \u00e1mbito cultural, la importancia que tiene la biblioteca Adolfo Antonio Machado y los planes a futuro, entre ellos \u201cla creaci\u00f3n de las salas especializadas para estudiantes, profesionales y dem\u00e1s interesados en los temas jur\u00eddico-legales y los relacionados con los estudios de medicina y afines, tambi\u00e9n la instalaci\u00f3n del Aula Virtual de Ense\u00f1anza (AVE)\u201d.<\/p>\n\n\n\n<p>Igualmente agradeci\u00f3 el apoyo de Nefo Aular y Ronald Blanco, quienes dictaron los talleres de dibujo, as\u00ed como tambi\u00e9n reconoci\u00f3 el aporte de Isaura Navas, facilitadora del curso de elaboraci\u00f3n de vinos artesanales.<\/p>\n\n\n\n<p>Seguidamente la profesora Marbelia Ram\u00edrez, habl\u00f3 sobre el origen de la Cruz de Mayo y los tambores de San Rafael; mientras Jos\u00e9 Reyes, integrante de los Negros de Plaza los Hermanos Reyes, cont\u00f3 aspectos resaltantes de la tradici\u00f3n del Velorio de Cruz, la cual se venera con rezos y versos improvisados como parte del canto de guara\u00f1as y mariselas.<\/p>\n\n\n\n<p>El cierre fue con la agrupaci\u00f3n Quantum, integrada por Carlos Delgado en el cuatro y Gregorio Aponte en la bandola, adem\u00e1s de la voz de Antonio Galluzo\u00a0 y Armando Inojosa.<\/p>\n\n\n\n<p>@amandasaldivia   <\/p>\n\n\n\n<p><\/p>\n","protected":false},"excerpt":{"rendered":"<p>Amanda Saldivia.- La Fundaci\u00f3n Dr. Pedro Mar\u00eda Ar\u00e9valo Cede\u00f1o, instituci\u00f3n de Altagracia de Orituco con m\u00e1s de 40 a\u00f1os de trayectoria en pro del realce de la cultura de esta regi\u00f3n guarique\u00f1a, celebr\u00f3 un acto especial para honrar la tradici\u00f3n de la Cruz de Mayo y exponer los trabajos realizados<\/p>\n","protected":false},"author":2,"featured_media":4675,"comment_status":"open","ping_status":"open","sticky":false,"template":"","format":"standard","meta":{"advanced_seo_description":"","jetpack_seo_html_title":"","jetpack_seo_noindex":false,"_jetpack_memberships_contains_paid_content":false,"footnotes":"","jetpack_publicize_message":"","jetpack_publicize_feature_enabled":true,"jetpack_social_post_already_shared":true,"jetpack_social_options":{"image_generator_settings":{"template":"highway","enabled":false},"version":2}},"categories":[260],"tags":[8,7,32],"class_list":["post-4674","post","type-post","status-publish","format-standard","has-post-thumbnail","hentry","category-tradiciones","tag-altagraciadeorituco","tag-guarico","tag-webdealta",""],"jetpack_publicize_connections":[],"jetpack_featured_media_url":"https:\/\/webdealta.info\/wp-content\/uploads\/2022\/05\/Fundacion-Pedro-Maria-Arevalo-webdealta.png","jetpack_sharing_enabled":true,"jetpack_likes_enabled":true,"jetpack-related-posts":[],"jetpack_shortlink":"https:\/\/wp.me\/pcseDn-1do","_links":{"self":[{"href":"https:\/\/webdealta.info\/index.php?rest_route=\/wp\/v2\/posts\/4674","targetHints":{"allow":["GET"]}}],"collection":[{"href":"https:\/\/webdealta.info\/index.php?rest_route=\/wp\/v2\/posts"}],"about":[{"href":"https:\/\/webdealta.info\/index.php?rest_route=\/wp\/v2\/types\/post"}],"author":[{"embeddable":true,"href":"https:\/\/webdealta.info\/index.php?rest_route=\/wp\/v2\/users\/2"}],"replies":[{"embeddable":true,"href":"https:\/\/webdealta.info\/index.php?rest_route=%2Fwp%2Fv2%2Fcomments&post=4674"}],"version-history":[{"count":1,"href":"https:\/\/webdealta.info\/index.php?rest_route=\/wp\/v2\/posts\/4674\/revisions"}],"predecessor-version":[{"id":4676,"href":"https:\/\/webdealta.info\/index.php?rest_route=\/wp\/v2\/posts\/4674\/revisions\/4676"}],"wp:featuredmedia":[{"embeddable":true,"href":"https:\/\/webdealta.info\/index.php?rest_route=\/wp\/v2\/media\/4675"}],"wp:attachment":[{"href":"https:\/\/webdealta.info\/index.php?rest_route=%2Fwp%2Fv2%2Fmedia&parent=4674"}],"wp:term":[{"taxonomy":"category","embeddable":true,"href":"https:\/\/webdealta.info\/index.php?rest_route=%2Fwp%2Fv2%2Fcategories&post=4674"},{"taxonomy":"post_tag","embeddable":true,"href":"https:\/\/webdealta.info\/index.php?rest_route=%2Fwp%2Fv2%2Ftags&post=4674"}],"curies":[{"name":"wp","href":"https:\/\/api.w.org\/{rel}","templated":true}]}}