{"id":4651,"date":"2022-05-03T23:02:12","date_gmt":"2022-05-04T03:02:12","guid":{"rendered":"https:\/\/webdealta.info\/?p=4651"},"modified":"2022-05-03T23:04:29","modified_gmt":"2022-05-04T03:04:29","slug":"paural-iii-cuatro-anos-sin-servicio-de-cantv-tras-robo-de-cables","status":"publish","type":"post","link":"https:\/\/webdealta.info\/?p=4651","title":{"rendered":"Paural III: cuatro a\u00f1os sin servicio de CANTV tras robo de cables"},"content":{"rendered":"\n<p>Amanda Saldivia.-<\/p>\n\n\n\n<p>El pasado primero de mayo se cumplieron cuatro a\u00f1os del robo del cableado de CANTV en la carretera nacional, v\u00eda oriente de Altagracia de Orituco, lo que dej\u00f3 sin servicio telef\u00f3nico a los suscriptores del sector Andr\u00e9s Bello (Paural III), sin que hasta la fecha haya certeza de cu\u00e1ndo ser\u00e1n restablecidas las comunicaciones, las cuales siguen facturando a los vecinos afectados.<\/p>\n\n\n\n<p>El testimonio lo dio una vecina, quien cont\u00f3 que el primero de mayo de 2018 \u201cse robaron una parte del cable de Cantv en la v\u00eda nacional hacia Paural II, que afect\u00f3 al sector Andr\u00e9s Bello, despu\u00e9s los t\u00e9cnicos se terminaron de llevar la otra parte del cable, porque seg\u00fan nos iban a solucionar con un Nodo, pues resulta que ni el cable ni el nodo, no nos solucionaron nada\u201d.<\/p>\n\n\n\n<p>Entre la queja formulada, est\u00e1 que \u201clas facturas est\u00e1n llegando por un servicio que tenemos que pagar sin usarlo, esto es una incomodidad que tenemos varios vecinos, estamos molestos con CANTV\u201d, dijo la vecina que pidi\u00f3 no divulgar su nombre, con el argumento de que la \u201cagarran con ella\u201d, por estar denunciando lo que pasa en la comunidad.<\/p>\n\n\n\n<p>Respecto a este servicio, pudimos conocer que para Paural III estaba prevista la instalaci\u00f3n de un Nodo de \u00faltima generaci\u00f3n para hacer las interconexiones, pero hubo un incendio en unos galpones de esta empresa telef\u00f3nica en Maracay, estado Aragua, y el equipo destinado para esta zona fue uno de lo que consumi\u00f3 las llamas. Desde esa fecha no hay ninguna certeza de cu\u00e1ndo ser\u00e1 restablecido tan importante servicio.<\/p>\n\n\n\n<p>@amandasaldivia   <\/p>\n\n\n\n<p><\/p>\n","protected":false},"excerpt":{"rendered":"<p>Amanda Saldivia.- El pasado primero de mayo se cumplieron cuatro a\u00f1os del robo del cableado de CANTV en la carretera nacional, v\u00eda oriente de Altagracia de Orituco, lo que dej\u00f3 sin servicio telef\u00f3nico a los suscriptores del sector Andr\u00e9s Bello (Paural III), sin que hasta la fecha haya certeza de<\/p>\n","protected":false},"author":2,"featured_media":4652,"comment_status":"open","ping_status":"open","sticky":false,"template":"","format":"standard","meta":{"advanced_seo_description":"","jetpack_seo_html_title":"","jetpack_seo_noindex":false,"_jetpack_memberships_contains_paid_content":false,"footnotes":"","jetpack_publicize_message":"","jetpack_publicize_feature_enabled":true,"jetpack_social_post_already_shared":true,"jetpack_social_options":{"image_generator_settings":{"template":"highway","enabled":false},"version":2}},"categories":[268],"tags":[8,7,32],"class_list":["post-4651","post","type-post","status-publish","format-standard","has-post-thumbnail","hentry","category-servicios-publicos","tag-altagraciadeorituco","tag-guarico","tag-webdealta",""],"jetpack_publicize_connections":[],"jetpack_featured_media_url":"https:\/\/webdealta.info\/wp-content\/uploads\/2022\/05\/cantv-webdealta-1.png","jetpack_sharing_enabled":true,"jetpack_likes_enabled":true,"jetpack-related-posts":[],"jetpack_shortlink":"https:\/\/wp.me\/pcseDn-1d1","_links":{"self":[{"href":"https:\/\/webdealta.info\/index.php?rest_route=\/wp\/v2\/posts\/4651","targetHints":{"allow":["GET"]}}],"collection":[{"href":"https:\/\/webdealta.info\/index.php?rest_route=\/wp\/v2\/posts"}],"about":[{"href":"https:\/\/webdealta.info\/index.php?rest_route=\/wp\/v2\/types\/post"}],"author":[{"embeddable":true,"href":"https:\/\/webdealta.info\/index.php?rest_route=\/wp\/v2\/users\/2"}],"replies":[{"embeddable":true,"href":"https:\/\/webdealta.info\/index.php?rest_route=%2Fwp%2Fv2%2Fcomments&post=4651"}],"version-history":[{"count":2,"href":"https:\/\/webdealta.info\/index.php?rest_route=\/wp\/v2\/posts\/4651\/revisions"}],"predecessor-version":[{"id":4654,"href":"https:\/\/webdealta.info\/index.php?rest_route=\/wp\/v2\/posts\/4651\/revisions\/4654"}],"wp:featuredmedia":[{"embeddable":true,"href":"https:\/\/webdealta.info\/index.php?rest_route=\/wp\/v2\/media\/4652"}],"wp:attachment":[{"href":"https:\/\/webdealta.info\/index.php?rest_route=%2Fwp%2Fv2%2Fmedia&parent=4651"}],"wp:term":[{"taxonomy":"category","embeddable":true,"href":"https:\/\/webdealta.info\/index.php?rest_route=%2Fwp%2Fv2%2Fcategories&post=4651"},{"taxonomy":"post_tag","embeddable":true,"href":"https:\/\/webdealta.info\/index.php?rest_route=%2Fwp%2Fv2%2Ftags&post=4651"}],"curies":[{"name":"wp","href":"https:\/\/api.w.org\/{rel}","templated":true}]}}