{"id":4628,"date":"2022-05-01T20:30:16","date_gmt":"2022-05-02T00:30:16","guid":{"rendered":"https:\/\/webdealta.info\/?p=4628"},"modified":"2022-05-01T20:30:19","modified_gmt":"2022-05-02T00:30:19","slug":"mas-de-400-personas-vacunadas-en-inicio-de-jornada-de-las-americas","status":"publish","type":"post","link":"https:\/\/webdealta.info\/?p=4628","title":{"rendered":"M\u00e1s de 400 personas vacunadas en inicio de jornada de las Am\u00e9ricas"},"content":{"rendered":"\n<p>Amanda Saldivia.-<\/p>\n\n\n\n<p>Un total de 432 personas fueron inmunizadas este primero de mayo, como parte del comienzo de la Jornada de Vacunaci\u00f3n de las Am\u00e9ricas en el municipio Monagas, Gu\u00e1rico, iniciativa impulsada por la Organizaci\u00f3n Panamericana de la Salud (OPS), con la finalidad de prevenir enfermedades.<\/p>\n\n\n\n<p>La Dra. Rosa Pedrozo, coordinadora del \u00c1rea de Salud Integral Comunitaria (ASIC), present\u00f3 el balance del primer d\u00eda de la jornada, en el cual hubo un despliegue especial en la plaza Bol\u00edvar de Altagracia de Orituco y otros 40 puntos de vacunaci\u00f3n, como parte de la campa\u00f1a que se mantendr\u00e1 en los consultorios m\u00e9dicos populares de esta regi\u00f3n guarique\u00f1a hasta el 31 de mayo.<\/p>\n\n\n\n<p>Se mostr\u00f3 complacida, porque a pesar de ser primero de mayo, una fecha festiva para los trabajadores, hubo concurrencia a los puestos de vacunaci\u00f3n activados este domingo, tanto en la plaza Bol\u00edvar, como en el resto de las parroquias.<\/p>\n\n\n\n<p>Por \u00faltimo, la Dra. Pedrozo se\u00f1al\u00f3 que se trata de darle un impulso a la vacunaci\u00f3n de los esquemas tradicionales desde los reci\u00e9n nacidos hasta los 59 a\u00f1os de edad, as\u00ed como tambi\u00e9n las dosis anti covid-19. <\/p>\n\n\n\n<p>@amandasaldivia    <\/p>\n\n\n\n<p><\/p>\n","protected":false},"excerpt":{"rendered":"<p>Amanda Saldivia.- Un total de 432 personas fueron inmunizadas este primero de mayo, como parte del comienzo de la Jornada de Vacunaci\u00f3n de las Am\u00e9ricas en el municipio Monagas, Gu\u00e1rico, iniciativa impulsada por la Organizaci\u00f3n Panamericana de la Salud (OPS), con la finalidad de prevenir enfermedades. La Dra. Rosa Pedrozo,<\/p>\n","protected":false},"author":2,"featured_media":4629,"comment_status":"open","ping_status":"open","sticky":false,"template":"","format":"standard","meta":{"advanced_seo_description":"","jetpack_seo_html_title":"","jetpack_seo_noindex":false,"_jetpack_memberships_contains_paid_content":false,"footnotes":"","jetpack_publicize_message":"","jetpack_publicize_feature_enabled":true,"jetpack_social_post_already_shared":true,"jetpack_social_options":{"image_generator_settings":{"template":"highway","enabled":false},"version":2}},"categories":[12],"tags":[8,7,32],"class_list":["post-4628","post","type-post","status-publish","format-standard","has-post-thumbnail","hentry","category-salud","tag-altagraciadeorituco","tag-guarico","tag-webdealta",""],"jetpack_publicize_connections":[],"jetpack_featured_media_url":"https:\/\/webdealta.info\/wp-content\/uploads\/2022\/05\/vacunacion-webdealta.png","jetpack_sharing_enabled":true,"jetpack_likes_enabled":true,"jetpack-related-posts":[],"jetpack_shortlink":"https:\/\/wp.me\/pcseDn-1cE","_links":{"self":[{"href":"https:\/\/webdealta.info\/index.php?rest_route=\/wp\/v2\/posts\/4628","targetHints":{"allow":["GET"]}}],"collection":[{"href":"https:\/\/webdealta.info\/index.php?rest_route=\/wp\/v2\/posts"}],"about":[{"href":"https:\/\/webdealta.info\/index.php?rest_route=\/wp\/v2\/types\/post"}],"author":[{"embeddable":true,"href":"https:\/\/webdealta.info\/index.php?rest_route=\/wp\/v2\/users\/2"}],"replies":[{"embeddable":true,"href":"https:\/\/webdealta.info\/index.php?rest_route=%2Fwp%2Fv2%2Fcomments&post=4628"}],"version-history":[{"count":1,"href":"https:\/\/webdealta.info\/index.php?rest_route=\/wp\/v2\/posts\/4628\/revisions"}],"predecessor-version":[{"id":4630,"href":"https:\/\/webdealta.info\/index.php?rest_route=\/wp\/v2\/posts\/4628\/revisions\/4630"}],"wp:featuredmedia":[{"embeddable":true,"href":"https:\/\/webdealta.info\/index.php?rest_route=\/wp\/v2\/media\/4629"}],"wp:attachment":[{"href":"https:\/\/webdealta.info\/index.php?rest_route=%2Fwp%2Fv2%2Fmedia&parent=4628"}],"wp:term":[{"taxonomy":"category","embeddable":true,"href":"https:\/\/webdealta.info\/index.php?rest_route=%2Fwp%2Fv2%2Fcategories&post=4628"},{"taxonomy":"post_tag","embeddable":true,"href":"https:\/\/webdealta.info\/index.php?rest_route=%2Fwp%2Fv2%2Ftags&post=4628"}],"curies":[{"name":"wp","href":"https:\/\/api.w.org\/{rel}","templated":true}]}}