{"id":4624,"date":"2022-04-30T20:16:34","date_gmt":"2022-05-01T00:16:34","guid":{"rendered":"https:\/\/webdealta.info\/?p=4624"},"modified":"2022-04-30T20:16:35","modified_gmt":"2022-05-01T00:16:35","slug":"fallas-electricas-llegaron-las-lluvias-y-no-hubo-poda-preventiva-de-arboles","status":"publish","type":"post","link":"https:\/\/webdealta.info\/?p=4624","title":{"rendered":"Fallas el\u00e9ctricas: llegaron las lluvias y no hubo poda preventiva de \u00e1rboles"},"content":{"rendered":"\n<p>Amanda Saldivia.-<\/p>\n\n\n\n<p>Las primeras lluvias dejaron en evidencia las debilidades de Corpoelec, instituci\u00f3n que no dispone de un carro cesta para la poda preventiva de \u00e1rboles, ni tampoco contrat\u00f3 a particulares para realizar esta labor que antes era de rutina previa a la temporada de precipitaciones. Por ese motivo, los dos \u00faltimos d\u00edas han sido de constantes fallas en distintos circuitos el\u00e9ctricos de Altagracia de Orituco.<\/p>\n\n\n\n<p>Lo que si abunda es la m\u00edstica de trabajo y la unidad entre las instituciones para resolver lo que afecta a\u00fan m\u00e1s la din\u00e1mica de los pobladores de esta regi\u00f3n guarique\u00f1a, algunos con reportes de m\u00e1s de 8 horas sin suministro de energ\u00eda el\u00e9ctrica, a lo que se une un servicio de internet intermitente, al igual que fallas en las operadores de telefon\u00eda celular.<\/p>\n\n\n\n<p>Este s\u00e1bado cuadrillas mixtas de Corpoelec y del Cuerpo de Bomberos Andre Fourneau, al mando del coronel Denis Dur\u00e1n y con la colaboraci\u00f3n de un veh\u00edculo cesta de un particular, realizaron la poda de \u00e1rboles en tres puntos de la localidad, a los fines de restablecer el servicio.<\/p>\n\n\n\n<p>El comandante del cuerpo de bomberos inform\u00f3 que las labores se concentraron en tres puntos de la localidad, ellos son Camoruco, El Diamante y la calle Sixto Sosa este. Igualmente destac\u00f3 que estaba al frente de la comisi\u00f3n, \u201cen compa\u00f1\u00eda de cuatro efectivos y con la unidad CB001 conducida por el cabo primero Alexis Sarmiento, para prestarle apoyo al personal de Corpoelec en la poda de unos \u00e1rboles que se encontraban cerca de las l\u00edneas de alta tensi\u00f3n, las cuales interrump\u00edan el suministro de energ\u00eda el\u00e9ctrica al municipio, quedando totalmente despejadas, minimizando as\u00ed el riesgo existente en la zona\u201d.<\/p>\n\n\n\n<p>Es com\u00fan observar en la calles de Altagracia de Orituco, \u00e1rboles con las ramas entre el tendido el\u00e9ctrico lo que trae como consecuencias fallas en el servicio. En una de las fotograf\u00edas que acompa\u00f1a esta nota est\u00e1 la visi\u00f3n de la calle Juli\u00e1n Infante este. Ese es solo uno de los tantos puntos que requiere poda en el municipio Monagas.<\/p>\n\n\n\n<p>@amandasaldivia   <\/p>\n\n\n\n<p><\/p>\n","protected":false},"excerpt":{"rendered":"<p>Amanda Saldivia.- Las primeras lluvias dejaron en evidencia las debilidades de Corpoelec, instituci\u00f3n que no dispone de un carro cesta para la poda preventiva de \u00e1rboles, ni tampoco contrat\u00f3 a particulares para realizar esta labor que antes era de rutina previa a la temporada de precipitaciones. Por ese motivo, los<\/p>\n","protected":false},"author":2,"featured_media":4625,"comment_status":"open","ping_status":"open","sticky":false,"template":"","format":"standard","meta":{"advanced_seo_description":"","jetpack_seo_html_title":"","jetpack_seo_noindex":false,"_jetpack_memberships_contains_paid_content":false,"footnotes":"","jetpack_publicize_message":"","jetpack_publicize_feature_enabled":true,"jetpack_social_post_already_shared":true,"jetpack_social_options":{"image_generator_settings":{"template":"highway","enabled":false},"version":2}},"categories":[268],"tags":[8,7,32],"class_list":["post-4624","post","type-post","status-publish","format-standard","has-post-thumbnail","hentry","category-servicios-publicos","tag-altagraciadeorituco","tag-guarico","tag-webdealta",""],"jetpack_publicize_connections":[],"jetpack_featured_media_url":"https:\/\/webdealta.info\/wp-content\/uploads\/2022\/04\/poda-de-arboles-webdealta.png","jetpack_sharing_enabled":true,"jetpack_likes_enabled":true,"jetpack-related-posts":[],"jetpack_shortlink":"https:\/\/wp.me\/pcseDn-1cA","_links":{"self":[{"href":"https:\/\/webdealta.info\/index.php?rest_route=\/wp\/v2\/posts\/4624","targetHints":{"allow":["GET"]}}],"collection":[{"href":"https:\/\/webdealta.info\/index.php?rest_route=\/wp\/v2\/posts"}],"about":[{"href":"https:\/\/webdealta.info\/index.php?rest_route=\/wp\/v2\/types\/post"}],"author":[{"embeddable":true,"href":"https:\/\/webdealta.info\/index.php?rest_route=\/wp\/v2\/users\/2"}],"replies":[{"embeddable":true,"href":"https:\/\/webdealta.info\/index.php?rest_route=%2Fwp%2Fv2%2Fcomments&post=4624"}],"version-history":[{"count":1,"href":"https:\/\/webdealta.info\/index.php?rest_route=\/wp\/v2\/posts\/4624\/revisions"}],"predecessor-version":[{"id":4626,"href":"https:\/\/webdealta.info\/index.php?rest_route=\/wp\/v2\/posts\/4624\/revisions\/4626"}],"wp:featuredmedia":[{"embeddable":true,"href":"https:\/\/webdealta.info\/index.php?rest_route=\/wp\/v2\/media\/4625"}],"wp:attachment":[{"href":"https:\/\/webdealta.info\/index.php?rest_route=%2Fwp%2Fv2%2Fmedia&parent=4624"}],"wp:term":[{"taxonomy":"category","embeddable":true,"href":"https:\/\/webdealta.info\/index.php?rest_route=%2Fwp%2Fv2%2Fcategories&post=4624"},{"taxonomy":"post_tag","embeddable":true,"href":"https:\/\/webdealta.info\/index.php?rest_route=%2Fwp%2Fv2%2Ftags&post=4624"}],"curies":[{"name":"wp","href":"https:\/\/api.w.org\/{rel}","templated":true}]}}