{"id":4619,"date":"2022-04-30T09:41:55","date_gmt":"2022-04-30T13:41:55","guid":{"rendered":"https:\/\/webdealta.info\/?p=4619"},"modified":"2022-04-30T09:43:18","modified_gmt":"2022-04-30T13:43:18","slug":"el-poder-del-conocimiento-la-cruz-de-pena-de-mota","status":"publish","type":"post","link":"https:\/\/webdealta.info\/?p=4619","title":{"rendered":"El Poder del Conocimiento: la Cruz de Pe\u00f1a de Mota"},"content":{"rendered":"\n<p>Amanda Saldivia.-<\/p>\n\n\n\n<p>Presentamos la historia del monumento que popularmente conocemos como la Cruz de Pe\u00f1a de Mota, el cual fue inaugurado el 19 de abril de 1910 como parte de los actos del centenario de esta fecha que marc\u00f3 el inicio de la independencia de nuestro pa\u00eds. Este fue el tema abordado en la serie El Poder del Conocimiento de la empresa Promasorca, que busca enriquecer los saberes con curiosidades, an\u00e9cdotas e historias interesantes de nuestra regi\u00f3n orituque\u00f1a y del mundo.<\/p>\n\n\n\n<p>A 112 a\u00f1os de este acto en recordatorio al centenario, compartimos lo que escribi\u00f3 el Dr. Pedro Natalio Ar\u00e9valo Garc\u00eda, abogado gracitano, quien se destac\u00f3 como fundador de medios impresos locales como Surco y colaborador de peri\u00f3dicos nacionales, entre ellos El Heraldo, La Esfera y el semanario Fantoches.<\/p>\n\n\n\n<p>El escrito que compartimos es parte de la obra&nbsp;<strong>Calles, Sitios y Aleros de Altagracia de Orituco<\/strong>, obra publicada gracias a Beto Mirabal, a quien el autor le dej\u00f3 un valioso sobre con interesantes datos sobre la historia local.<\/p>\n\n\n\n<p>Entre los apuntes que Don Pedro Natalio Ar\u00e9valo est\u00e1 la reflexi\u00f3n sobre la importancia de la Cruz de Pe\u00f1a de Mota. Al respecto escribi\u00f3:<\/p>\n\n\n\n<p>\u201cElla es testimonio fiel de la preocupaci\u00f3n que animaron el esp\u00edritu de los hombres de aquella lejana \u00e9poca, ellos tambi\u00e9n sintieron palpitar de afecto por este pedazo de tierra orituque\u00f1a\u201d.<\/p>\n\n\n\n<p>M\u00e1s adelante dice:<\/p>\n\n\n\n<p>\u201cNos sentirnos emocionados al contemplar la majestuosa cruz que all\u00e1 en lo m\u00e1s empinado del Cerro de Pe\u00f1a de Mota abre sus brazos como queriendo asir el recuerdo de tantos seres que ya se han ido. Ella ha sido mudo testigo por tantos a\u00f1os, de las inquietudes que animaron a los habitantes de esta regi\u00f3n para hacer de Altagracia un pueblo digno, heredero de las preocupaciones de esos hombre que ayer nos se\u00f1alaron rumbos\u201d.<\/p>\n\n\n\n<p>Hermosos palabras para dar significaci\u00f3n a la intenci\u00f3n del grupo de gracitanos que decidi\u00f3 construir la Cruz de Pe\u00f1a de Mota.<\/p>\n\n\n\n<p>En el acta levantada por los vecinos de Altagracia de Orituco la mencionan como monumento a Redentor en la Colina de Pe\u00f1a de Mota y para el cual dio su permiso el Se\u00f1or Obispo Diocesano y el Ilustre Concejo Municipal. Tambi\u00e9n se decret\u00f3 el monumento a la Concordia y la autoridad civil de la \u00e9poca le prest\u00f3 su apoyo y se bendijo solemnemente por el padre Monse\u00f1or Sixto Sosa, el 19 de abril de 1910 en la celebraci\u00f3n de esta fecha centenaria.<\/p>\n\n\n\n<p>En el acta se puede leer lo siguiente: \u201clevantamos este peque\u00f1o monumento coronado por la Cruz, l\u00e1baro de Concordia Universal para que diga a nuestros descendientes nuestro voto a favor de la Patria bien amada. Queremos a nuestra Patria viviendo para el trabajo; la queremos caminando entre sus hijos la m\u00e1s completa armon\u00eda; la queremos caminando por las sendas del progreso, deseamos con vehemencia que todos los venezolanos vivan vida de honor y lleguen a la prosperidad por la justicia\u201d.<\/p>\n\n\n\n<p>Sin duda, palabras que encajan perfectamente luego de 112 a\u00f1os de existencia de esa acta, firmada el 19 de abril de 1910 y que muestra las iniciativas de ciudadanos que nos dejaron ese recordatorio a vivir en paz, en armon\u00eda, progreso y justicia.<\/p>\n\n\n\n<p>@amandasaldivia    <\/p>\n\n\n\n<p>foto cortes\u00eda de la Fundaci\u00f3n Dr. Pedro Mar\u00eda Ar\u00e9valo <br><\/p>\n","protected":false},"excerpt":{"rendered":"<p>Amanda Saldivia.- Presentamos la historia del monumento que popularmente conocemos como la Cruz de Pe\u00f1a de Mota, el cual fue inaugurado el 19 de abril de 1910 como parte de los actos del centenario de esta fecha que marc\u00f3 el inicio de la independencia de nuestro pa\u00eds. Este fue el<\/p>\n","protected":false},"author":2,"featured_media":4620,"comment_status":"open","ping_status":"open","sticky":false,"template":"","format":"standard","meta":{"advanced_seo_description":"","jetpack_seo_html_title":"","jetpack_seo_noindex":false,"_jetpack_memberships_contains_paid_content":false,"footnotes":"","jetpack_publicize_message":"","jetpack_publicize_feature_enabled":true,"jetpack_social_post_already_shared":true,"jetpack_social_options":{"image_generator_settings":{"template":"highway","enabled":false},"version":2}},"categories":[302],"tags":[8,7,32],"class_list":["post-4619","post","type-post","status-publish","format-standard","has-post-thumbnail","hentry","category-el-poder-del-conocimiento","tag-altagraciadeorituco","tag-guarico","tag-webdealta",""],"jetpack_publicize_connections":[],"jetpack_featured_media_url":"https:\/\/webdealta.info\/wp-content\/uploads\/2022\/04\/cruz-de-pena-de-mota-webdealta.png","jetpack_sharing_enabled":true,"jetpack_likes_enabled":true,"jetpack-related-posts":[],"jetpack_shortlink":"https:\/\/wp.me\/pcseDn-1cv","_links":{"self":[{"href":"https:\/\/webdealta.info\/index.php?rest_route=\/wp\/v2\/posts\/4619","targetHints":{"allow":["GET"]}}],"collection":[{"href":"https:\/\/webdealta.info\/index.php?rest_route=\/wp\/v2\/posts"}],"about":[{"href":"https:\/\/webdealta.info\/index.php?rest_route=\/wp\/v2\/types\/post"}],"author":[{"embeddable":true,"href":"https:\/\/webdealta.info\/index.php?rest_route=\/wp\/v2\/users\/2"}],"replies":[{"embeddable":true,"href":"https:\/\/webdealta.info\/index.php?rest_route=%2Fwp%2Fv2%2Fcomments&post=4619"}],"version-history":[{"count":2,"href":"https:\/\/webdealta.info\/index.php?rest_route=\/wp\/v2\/posts\/4619\/revisions"}],"predecessor-version":[{"id":4622,"href":"https:\/\/webdealta.info\/index.php?rest_route=\/wp\/v2\/posts\/4619\/revisions\/4622"}],"wp:featuredmedia":[{"embeddable":true,"href":"https:\/\/webdealta.info\/index.php?rest_route=\/wp\/v2\/media\/4620"}],"wp:attachment":[{"href":"https:\/\/webdealta.info\/index.php?rest_route=%2Fwp%2Fv2%2Fmedia&parent=4619"}],"wp:term":[{"taxonomy":"category","embeddable":true,"href":"https:\/\/webdealta.info\/index.php?rest_route=%2Fwp%2Fv2%2Fcategories&post=4619"},{"taxonomy":"post_tag","embeddable":true,"href":"https:\/\/webdealta.info\/index.php?rest_route=%2Fwp%2Fv2%2Ftags&post=4619"}],"curies":[{"name":"wp","href":"https:\/\/api.w.org\/{rel}","templated":true}]}}