{"id":4611,"date":"2022-04-27T22:22:01","date_gmt":"2022-04-28T02:22:01","guid":{"rendered":"https:\/\/webdealta.info\/?p=4611"},"modified":"2022-04-27T22:22:01","modified_gmt":"2022-04-28T02:22:01","slug":"padre-luis-la-vida-y-obra-de-madre-candelaria-de-san-jose-sigue-vigente","status":"publish","type":"post","link":"https:\/\/webdealta.info\/?p=4611","title":{"rendered":"Padre Luis: \u201cla vida y obra de Madre Candelaria de San Jos\u00e9 sigue vigente\u201d"},"content":{"rendered":"\n<p>Amanda Saldivia.-<\/p>\n\n\n\n<p>\u201cA 14 a\u00f1os de su beatificaci\u00f3n, la vida y la obra de la Madre Candelaria de San Jos\u00e9 sigue vigente, y sigue siendo para nosotros una invitaci\u00f3n a descubrir a Jes\u00fas, a llenarnos del &nbsp;amor y de la misericordia de Dios y ser capaces de salir al encuentro de los hermanos para ser tambi\u00e9n nosotros caricia de Dios para quienes m\u00e1s sufren, en estos tiempos de tantas necesidades que experimenta nuestra gente\u201d. Ese fue parte del mensaje del padre Luis M\u00e1rquez, al oficiar la Santa Misa en el cerro Lucena del sector La Cuman\u00e1 de Altagracia de Orituco, en la tarde de este mi\u00e9rcoles 27 de abril.<\/p>\n\n\n\n<p>La actividad para resaltar los 14 a\u00f1os de la beatificaci\u00f3n de la Madre Candelaria de San Jos\u00e9, comenz\u00f3 con la procesi\u00f3n desde la casa donde vivi\u00f3 la beata en la calle Juli\u00e1n Infante de Altagracia de Orituco, para culminar en el lugar donde estaba el hospital San Antonio, obra a la cual fue llamada Susana Paz Castillo en el a\u00f1o 1903 para encargarse del cuidado de los enfermos.<\/p>\n\n\n\n<p>En el desarrollo de la procesi\u00f3n, destac\u00f3 la presencia de la hermana Rosal\u00eda de la congregaci\u00f3n de las Hermanas Carmelitas de Madre Candelaria, quien iba al frente con la reliquia de la beata, mientras la hermana Ana Mar\u00eda animaba con los cantos, oraciones y alabanzas, acompa\u00f1ada por el alcalde Pedro Sol\u00f3rzano, los Seguidores de Madre Candelaria, las ni\u00f1as de la casa hogar, concejales, directivos de la alcald\u00eda, grupos culturales y ciudadanos de fe.<\/p>\n\n\n\n<p>Para el padre Luis M\u00e1rquez, la Madre Candelaria en su experiencia, \u201cen su proceso de crecimiento espiritual de conocer a Jes\u00fas, comprende la raz\u00f3n de ser de Jes\u00fas, comprende la misi\u00f3n y ella se reconoce as\u00ed misma como enviada por Jes\u00fas para seguir manifestando al mundo el amor y la misericordia que Dios nos tiene\u201d.<\/p>\n\n\n\n<p>De esa forma, relacion\u00f3 la dedicaci\u00f3n de la Madre Candelaria al cuido de los enfermos, llam\u00f3 a los presentes a seguir su ejemplo, as\u00ed como tambi\u00e9n a orar para que se haga realidad la canonizaci\u00f3n de quien es patrimonio espiritual del municipio Monagas.<\/p>\n\n\n\n<p>@amandasaldivia   <\/p>\n\n\n\n<p><\/p>\n","protected":false},"excerpt":{"rendered":"<p>Amanda Saldivia.- \u201cA 14 a\u00f1os de su beatificaci\u00f3n, la vida y la obra de la Madre Candelaria de San Jos\u00e9 sigue vigente, y sigue siendo para nosotros una invitaci\u00f3n a descubrir a Jes\u00fas, a llenarnos del &nbsp;amor y de la misericordia de Dios y ser capaces de salir al encuentro<\/p>\n","protected":false},"author":2,"featured_media":4612,"comment_status":"open","ping_status":"open","sticky":false,"template":"","format":"standard","meta":{"advanced_seo_description":"","jetpack_seo_html_title":"","jetpack_seo_noindex":false,"_jetpack_memberships_contains_paid_content":false,"footnotes":"","jetpack_publicize_message":"","jetpack_publicize_feature_enabled":true,"jetpack_social_post_already_shared":true,"jetpack_social_options":{"image_generator_settings":{"template":"highway","enabled":false},"version":2}},"categories":[42],"tags":[8,7,32],"class_list":["post-4611","post","type-post","status-publish","format-standard","has-post-thumbnail","hentry","category-iglesia-catolica","tag-altagraciadeorituco","tag-guarico","tag-webdealta",""],"jetpack_publicize_connections":[],"jetpack_featured_media_url":"https:\/\/webdealta.info\/wp-content\/uploads\/2022\/04\/a-14-anos-de-la-beatificacion-de-la-madre-candelaria.png","jetpack_sharing_enabled":true,"jetpack_likes_enabled":true,"jetpack-related-posts":[],"jetpack_shortlink":"https:\/\/wp.me\/pcseDn-1cn","_links":{"self":[{"href":"https:\/\/webdealta.info\/index.php?rest_route=\/wp\/v2\/posts\/4611","targetHints":{"allow":["GET"]}}],"collection":[{"href":"https:\/\/webdealta.info\/index.php?rest_route=\/wp\/v2\/posts"}],"about":[{"href":"https:\/\/webdealta.info\/index.php?rest_route=\/wp\/v2\/types\/post"}],"author":[{"embeddable":true,"href":"https:\/\/webdealta.info\/index.php?rest_route=\/wp\/v2\/users\/2"}],"replies":[{"embeddable":true,"href":"https:\/\/webdealta.info\/index.php?rest_route=%2Fwp%2Fv2%2Fcomments&post=4611"}],"version-history":[{"count":1,"href":"https:\/\/webdealta.info\/index.php?rest_route=\/wp\/v2\/posts\/4611\/revisions"}],"predecessor-version":[{"id":4613,"href":"https:\/\/webdealta.info\/index.php?rest_route=\/wp\/v2\/posts\/4611\/revisions\/4613"}],"wp:featuredmedia":[{"embeddable":true,"href":"https:\/\/webdealta.info\/index.php?rest_route=\/wp\/v2\/media\/4612"}],"wp:attachment":[{"href":"https:\/\/webdealta.info\/index.php?rest_route=%2Fwp%2Fv2%2Fmedia&parent=4611"}],"wp:term":[{"taxonomy":"category","embeddable":true,"href":"https:\/\/webdealta.info\/index.php?rest_route=%2Fwp%2Fv2%2Fcategories&post=4611"},{"taxonomy":"post_tag","embeddable":true,"href":"https:\/\/webdealta.info\/index.php?rest_route=%2Fwp%2Fv2%2Ftags&post=4611"}],"curies":[{"name":"wp","href":"https:\/\/api.w.org\/{rel}","templated":true}]}}