{"id":4583,"date":"2022-04-24T22:09:14","date_gmt":"2022-04-25T02:09:14","guid":{"rendered":"https:\/\/webdealta.info\/?p=4583"},"modified":"2022-04-24T22:10:05","modified_gmt":"2022-04-25T02:10:05","slug":"dictaron-foro-sobre-gerencia-de-la-salud","status":"publish","type":"post","link":"https:\/\/webdealta.info\/?p=4583","title":{"rendered":"Dictaron Foro sobre Gerencia de la Salud"},"content":{"rendered":"\n<p>Amanda Saldivia.-<\/p>\n\n\n\n<p>Como parte de la formaci\u00f3n de profesionales en el postgrado Gesti\u00f3n Integral de Centros Asistenciales, se realiz\u00f3 el pasado s\u00e1bado 23 de abril el foro sobre Gerencia de Salud P\u00fablica, en Altagracia de Orituco, Gu\u00e1rico.<\/p>\n\n\n\n<p>La actividad fue organizada por los estudiantes de la Universidad de las Ciencias de la Salud y fue dictado en el sal\u00f3n de conferencias del Centro M\u00e9dico Orituco, con la participaci\u00f3n de la Dra. Milvia Garc\u00eda, presidenta de esa instituci\u00f3n, quien tuvo a cargo la ponencia C\u00f3mo ser Gerente.<\/p>\n\n\n\n<p>Entre otros temas abordados durante la actividad destac\u00f3 \u00c9tica, Responsabilidad y Profesionalismo, Debilidades y Amenazas presentes en los Centro Hospitalarios y su Mala Administraci\u00f3n, Fortalezas y Oportunidades m\u00e1s evidentes en la gerencia de centros hospitalarios, Mitos y Realidades de la Gerencia de Salud.<\/p>\n\n\n\n<p>Los ponentes de esos temas fueron Msc. Alfredo Itriago, Msc. Noris Ortu\u00f1o, Lcdo. El\u00edas Limongi, Lcda. Yaurith Zurita, Msc. Carlos Castrillo y como invitada especial Dra. Milvia Garc\u00eda.<\/p>\n\n\n\n<p>En los pr\u00f3ximos meses se dictar\u00e1n otros foros vinculados a la formaci\u00f3n de profesionales en el postgrado Gesti\u00f3n Integral de Centros Asistenciales.<\/p>\n\n\n\n<p>@amandasaldivia   <\/p>\n\n\n\n<p><\/p>\n","protected":false},"excerpt":{"rendered":"<p>Amanda Saldivia.- Como parte de la formaci\u00f3n de profesionales en el postgrado Gesti\u00f3n Integral de Centros Asistenciales, se realiz\u00f3 el pasado s\u00e1bado 23 de abril el foro sobre Gerencia de Salud P\u00fablica, en Altagracia de Orituco, Gu\u00e1rico. La actividad fue organizada por los estudiantes de la Universidad de las Ciencias<\/p>\n","protected":false},"author":2,"featured_media":4584,"comment_status":"open","ping_status":"open","sticky":false,"template":"","format":"standard","meta":{"advanced_seo_description":"","jetpack_seo_html_title":"","jetpack_seo_noindex":false,"_jetpack_memberships_contains_paid_content":false,"footnotes":"","jetpack_publicize_message":"","jetpack_publicize_feature_enabled":true,"jetpack_social_post_already_shared":true,"jetpack_social_options":{"image_generator_settings":{"template":"highway","enabled":false},"version":2}},"categories":[151],"tags":[8,7,32],"class_list":["post-4583","post","type-post","status-publish","format-standard","has-post-thumbnail","hentry","category-educacion","tag-altagraciadeorituco","tag-guarico","tag-webdealta",""],"jetpack_publicize_connections":[],"jetpack_featured_media_url":"https:\/\/webdealta.info\/wp-content\/uploads\/2022\/04\/salud-webdealta.png","jetpack_sharing_enabled":true,"jetpack_likes_enabled":true,"jetpack-related-posts":[],"jetpack_shortlink":"https:\/\/wp.me\/pcseDn-1bV","_links":{"self":[{"href":"https:\/\/webdealta.info\/index.php?rest_route=\/wp\/v2\/posts\/4583","targetHints":{"allow":["GET"]}}],"collection":[{"href":"https:\/\/webdealta.info\/index.php?rest_route=\/wp\/v2\/posts"}],"about":[{"href":"https:\/\/webdealta.info\/index.php?rest_route=\/wp\/v2\/types\/post"}],"author":[{"embeddable":true,"href":"https:\/\/webdealta.info\/index.php?rest_route=\/wp\/v2\/users\/2"}],"replies":[{"embeddable":true,"href":"https:\/\/webdealta.info\/index.php?rest_route=%2Fwp%2Fv2%2Fcomments&post=4583"}],"version-history":[{"count":1,"href":"https:\/\/webdealta.info\/index.php?rest_route=\/wp\/v2\/posts\/4583\/revisions"}],"predecessor-version":[{"id":4585,"href":"https:\/\/webdealta.info\/index.php?rest_route=\/wp\/v2\/posts\/4583\/revisions\/4585"}],"wp:featuredmedia":[{"embeddable":true,"href":"https:\/\/webdealta.info\/index.php?rest_route=\/wp\/v2\/media\/4584"}],"wp:attachment":[{"href":"https:\/\/webdealta.info\/index.php?rest_route=%2Fwp%2Fv2%2Fmedia&parent=4583"}],"wp:term":[{"taxonomy":"category","embeddable":true,"href":"https:\/\/webdealta.info\/index.php?rest_route=%2Fwp%2Fv2%2Fcategories&post=4583"},{"taxonomy":"post_tag","embeddable":true,"href":"https:\/\/webdealta.info\/index.php?rest_route=%2Fwp%2Fv2%2Ftags&post=4583"}],"curies":[{"name":"wp","href":"https:\/\/api.w.org\/{rel}","templated":true}]}}