{"id":4578,"date":"2022-04-23T12:40:11","date_gmt":"2022-04-23T16:40:11","guid":{"rendered":"https:\/\/webdealta.info\/?p=4578"},"modified":"2022-04-23T12:42:06","modified_gmt":"2022-04-23T16:42:06","slug":"el-poder-del-conocimiento-capitan-manuel-rios","status":"publish","type":"post","link":"https:\/\/webdealta.info\/?p=4578","title":{"rendered":"El Poder del Conocimiento: Capit\u00e1n Manuel R\u00edos"},"content":{"rendered":"\n<p><strong>Amanda Saldivia.-<\/strong><\/p>\n\n\n\n<p>Un nuevo micro de la serie El Poder del Conocimiento fue presentado esta semana, por parte de la empresa Promasorca en el espacio radial Tiempo de Cambios que se trasmite por la emisora Activa 104.9 FM de Altagracia de Orituco. El tema estuvo relacionado al primer piloto militar venezolano en surcar solo el cielo del pa\u00eds. Esta haza\u00f1a fue realizada por&nbsp; el capit\u00e1n Manuel R\u00edos Hern\u00e1ndez, quien naci\u00f3 en Altagracia de Orituco el 6 de enero de 1897.<\/p>\n\n\n\n<p>En esta poblaci\u00f3n hay una plaza con su nombre, ubicada en el sector La Playera e igualmente la base a\u00e9rea militar de El Sombrero se llama Capit\u00e1n Manuel R\u00edos, para dejar constancia de este hecho hist\u00f3rico que forma parte de esas primeras lecciones que reciben quienes estudian en la escuela de aviaci\u00f3n militar venezolana.<\/p>\n\n\n\n<p>En los registros figura, que el 14 de abril de 1921 fue una fecha memorable, porque estaba reciente la creaci\u00f3n de la Escuela de Aviaci\u00f3n Militar e instructores franceses se encontraban en el pa\u00eds para formar a j\u00f3venes como pilotos y mec\u00e1nicos de aviones.<\/p>\n\n\n\n<p>Ese d\u00eda le correspondi\u00f3 al entonces subteniente Manuel R\u00edos demostrar lo que hab\u00eda aprendido. Abord\u00f3 un peque\u00f1o avi\u00f3n de tecnolog\u00eda francesa y sobrevol\u00f3 Maracay, pas\u00f3 por Cagua, Villa de Cura, San Juan de los Morros y regres\u00f3 triunfante &nbsp;al campo de aviaci\u00f3n del estado Aragua.<\/p>\n\n\n\n<p>La haza\u00f1a fue tan importante que el Ministro de Guerra y Marina de la \u00e9poca felicit\u00f3 al instructor franc\u00e9s y al subteniente Manuel R\u00edos, adem\u00e1s de manifestar que esa proeza fue comunicada al presidente de la Rep\u00fablica, el general Juan Vicente G\u00f3mez.&nbsp;<\/p>\n\n\n\n<p>Para el a\u00f1o 1923 ya este gracitano era instructor de vuelo y es ascendido a capit\u00e1n el 21 de junio de 1928, producto de los m\u00e9ritos alcanzados en la aviaci\u00f3n militar y por ser parte de los pilotos que surcaron el cielo de la patria en distintas misiones, entre ellas para formar a los nuevos aspirantes.<\/p>\n\n\n\n<p>El mes de abril fue de impacto para la familia R\u00edos Hern\u00e1ndez y para la aviaci\u00f3n militar, porque as\u00ed como se celebr\u00f3 la haza\u00f1a del 14 de abril de 1921, que resalta el hecho hist\u00f3rico del primer vuelo solo de una militar venezolano, el 24 de abril de 1931 el capit\u00e1n Manuel R\u00edos muere luego de sufrir un accidente a\u00e9reo en el Lago de Valencia.<\/p>\n\n\n\n<p>El Capit\u00e1n Manuel R\u00edos fue el primer piloto militar en recibir la condecoraci\u00f3n Orden al Libertador, la Orden del Sol de Per\u00fa y la Cruz de la Fuerza A\u00e9rea Venezolana.<\/p>\n\n\n\n<p>Su nombre siempre ser\u00e1 recordado, porque destac\u00f3 como piloto militar al alzar vuelo ese 14 de abril de 1921 y dejar en alto a la naciente escuela de aviaci\u00f3n venezolana.<\/p>\n\n\n\n<p>As\u00ed mismo, por ser la inspiraci\u00f3n de otros pilotos, entre ellos los nacidos en Altagracia de Orituco, quienes en oportunidades sobrevolaban esta poblaci\u00f3n en homenaje a este aviador que naci\u00f3 a finales del siglo 19 y que dej\u00f3 el nombre de Altagracia en la historia aviaci\u00f3n venezolana.<\/p>\n\n\n\n<p>@amandasaldivia     <\/p>\n\n\n\n<p>fotos cortes\u00eda <\/p>\n\n\n\n<p><\/p>\n","protected":false},"excerpt":{"rendered":"<p>Amanda Saldivia.- Un nuevo micro de la serie El Poder del Conocimiento fue presentado esta semana, por parte de la empresa Promasorca en el espacio radial Tiempo de Cambios que se trasmite por la emisora Activa 104.9 FM de Altagracia de Orituco. El tema estuvo relacionado al primer piloto militar<\/p>\n","protected":false},"author":2,"featured_media":4579,"comment_status":"open","ping_status":"open","sticky":false,"template":"","format":"standard","meta":{"advanced_seo_description":"","jetpack_seo_html_title":"","jetpack_seo_noindex":false,"_jetpack_memberships_contains_paid_content":false,"footnotes":"","jetpack_publicize_message":"","jetpack_publicize_feature_enabled":true,"jetpack_social_post_already_shared":true,"jetpack_social_options":{"image_generator_settings":{"template":"highway","enabled":false},"version":2}},"categories":[302],"tags":[8,7,32],"class_list":["post-4578","post","type-post","status-publish","format-standard","has-post-thumbnail","hentry","category-el-poder-del-conocimiento","tag-altagraciadeorituco","tag-guarico","tag-webdealta",""],"jetpack_publicize_connections":[],"jetpack_featured_media_url":"https:\/\/webdealta.info\/wp-content\/uploads\/2022\/04\/Dakota-Cabrera-17.png","jetpack_sharing_enabled":true,"jetpack_likes_enabled":true,"jetpack-related-posts":[],"jetpack_shortlink":"https:\/\/wp.me\/pcseDn-1bQ","_links":{"self":[{"href":"https:\/\/webdealta.info\/index.php?rest_route=\/wp\/v2\/posts\/4578","targetHints":{"allow":["GET"]}}],"collection":[{"href":"https:\/\/webdealta.info\/index.php?rest_route=\/wp\/v2\/posts"}],"about":[{"href":"https:\/\/webdealta.info\/index.php?rest_route=\/wp\/v2\/types\/post"}],"author":[{"embeddable":true,"href":"https:\/\/webdealta.info\/index.php?rest_route=\/wp\/v2\/users\/2"}],"replies":[{"embeddable":true,"href":"https:\/\/webdealta.info\/index.php?rest_route=%2Fwp%2Fv2%2Fcomments&post=4578"}],"version-history":[{"count":2,"href":"https:\/\/webdealta.info\/index.php?rest_route=\/wp\/v2\/posts\/4578\/revisions"}],"predecessor-version":[{"id":4581,"href":"https:\/\/webdealta.info\/index.php?rest_route=\/wp\/v2\/posts\/4578\/revisions\/4581"}],"wp:featuredmedia":[{"embeddable":true,"href":"https:\/\/webdealta.info\/index.php?rest_route=\/wp\/v2\/media\/4579"}],"wp:attachment":[{"href":"https:\/\/webdealta.info\/index.php?rest_route=%2Fwp%2Fv2%2Fmedia&parent=4578"}],"wp:term":[{"taxonomy":"category","embeddable":true,"href":"https:\/\/webdealta.info\/index.php?rest_route=%2Fwp%2Fv2%2Fcategories&post=4578"},{"taxonomy":"post_tag","embeddable":true,"href":"https:\/\/webdealta.info\/index.php?rest_route=%2Fwp%2Fv2%2Ftags&post=4578"}],"curies":[{"name":"wp","href":"https:\/\/api.w.org\/{rel}","templated":true}]}}