{"id":4574,"date":"2022-04-22T09:00:02","date_gmt":"2022-04-22T13:00:02","guid":{"rendered":"https:\/\/webdealta.info\/?p=4574"},"modified":"2022-04-22T09:00:03","modified_gmt":"2022-04-22T13:00:03","slug":"la-gente-propone-realizo-tuitazo-sobre-crisis-electrica","status":"publish","type":"post","link":"https:\/\/webdealta.info\/?p=4574","title":{"rendered":"La Gente Propone realiz\u00f3 tuitazo sobre crisis el\u00e9ctrica"},"content":{"rendered":"\n<p>El Observatorio Ciudadano de Pol\u00edticas P\u00fablicas La Gente Propone, proyecto impulsado por el Grupo Social CESAP a trav\u00e9s de su asociada Acci\u00f3n Campesina, realiz\u00f3 la ma\u00f1ana de este jueves un tuitazo, con la finalidad de posicionar la etiqueta <a href=\"tg:\/\/search_hashtag?hashtag=LaGentePropone\">#LaGentePropone<\/a> en los primeros lugares de la red social Twitter y as\u00ed visibilizar las denuncias referente a la crisis el\u00e9ctrica que afronta el municipio Monagas en la actualidad.<\/p>\n\n\n\n<p>Durante la jornada, se publicaron los resultados obtenidos mediante consulta ciudadana del mes de marzo, en donde se dej\u00f3 saber que 51.4% de los habitantes del municipio Monagas se vieron afectados, por lo menos, una vez a la semana por estos apagones. As\u00ed mismo, 54.3% de los consultados inform\u00f3 que los cortes el\u00e9ctricos han sido imprevistos.<\/p>\n\n\n\n<p>En este sentido, la veedora del sector San Carlos de la parroquia Altagracia, Leticia Bencomo, asegur\u00f3 que en ning\u00fan momento les han informado sobre alg\u00fan horario de racionamiento de carga, por lo que dichos apagones los agarra de sorpresa, siendo los m\u00e1s afectados las personas que tienen ni\u00f1os y adultos mayores en sus hogares.<\/p>\n\n\n\n<p>Por su parte, el veedor de la parroquia Lezama, Luis Fern\u00e1ndez expres\u00f3 que debido a los constantes apagones se les han da\u00f1ado varios equipos (en su caso una computadora), asegurando tambi\u00e9n que no han recibido informaci\u00f3n por parte de las autoridades ante dicha problem\u00e1tica, a excepci\u00f3n de Corpoelec, quienes solo se manifiestan en casos puntuales.<\/p>\n\n\n\n<p>Es importante mencionar que los 12 municipios en donde el proyecto La Gente Propone est\u00e1 presente participaron de esta actividad virtual, logrando visibilizar sus denuncias e incentivar a la poblaci\u00f3n a participar como comunidad organizada en todo lo que tenga que ver con competencias municipales.<\/p>\n\n\n\n<p>Prensa Orituco Propone<\/p>\n","protected":false},"excerpt":{"rendered":"<p>El Observatorio Ciudadano de Pol\u00edticas P\u00fablicas La Gente Propone, proyecto impulsado por el Grupo Social CESAP a trav\u00e9s de su asociada Acci\u00f3n Campesina, realiz\u00f3 la ma\u00f1ana de este jueves un tuitazo, con la finalidad de posicionar la etiqueta #LaGentePropone en los primeros lugares de la red social Twitter y as\u00ed<\/p>\n","protected":false},"author":2,"featured_media":4575,"comment_status":"open","ping_status":"open","sticky":false,"template":"","format":"standard","meta":{"advanced_seo_description":"","jetpack_seo_html_title":"","jetpack_seo_noindex":false,"_jetpack_memberships_contains_paid_content":false,"footnotes":"","jetpack_publicize_message":"","jetpack_publicize_feature_enabled":true,"jetpack_social_post_already_shared":true,"jetpack_social_options":{"image_generator_settings":{"template":"highway","enabled":false},"version":2}},"categories":[268],"tags":[8,7,32],"class_list":["post-4574","post","type-post","status-publish","format-standard","has-post-thumbnail","hentry","category-servicios-publicos","tag-altagraciadeorituco","tag-guarico","tag-webdealta",""],"jetpack_publicize_connections":[],"jetpack_featured_media_url":"https:\/\/webdealta.info\/wp-content\/uploads\/2022\/04\/webdealta-la-gente-propone.png","jetpack_sharing_enabled":true,"jetpack_likes_enabled":true,"jetpack-related-posts":[],"jetpack_shortlink":"https:\/\/wp.me\/pcseDn-1bM","_links":{"self":[{"href":"https:\/\/webdealta.info\/index.php?rest_route=\/wp\/v2\/posts\/4574","targetHints":{"allow":["GET"]}}],"collection":[{"href":"https:\/\/webdealta.info\/index.php?rest_route=\/wp\/v2\/posts"}],"about":[{"href":"https:\/\/webdealta.info\/index.php?rest_route=\/wp\/v2\/types\/post"}],"author":[{"embeddable":true,"href":"https:\/\/webdealta.info\/index.php?rest_route=\/wp\/v2\/users\/2"}],"replies":[{"embeddable":true,"href":"https:\/\/webdealta.info\/index.php?rest_route=%2Fwp%2Fv2%2Fcomments&post=4574"}],"version-history":[{"count":1,"href":"https:\/\/webdealta.info\/index.php?rest_route=\/wp\/v2\/posts\/4574\/revisions"}],"predecessor-version":[{"id":4576,"href":"https:\/\/webdealta.info\/index.php?rest_route=\/wp\/v2\/posts\/4574\/revisions\/4576"}],"wp:featuredmedia":[{"embeddable":true,"href":"https:\/\/webdealta.info\/index.php?rest_route=\/wp\/v2\/media\/4575"}],"wp:attachment":[{"href":"https:\/\/webdealta.info\/index.php?rest_route=%2Fwp%2Fv2%2Fmedia&parent=4574"}],"wp:term":[{"taxonomy":"category","embeddable":true,"href":"https:\/\/webdealta.info\/index.php?rest_route=%2Fwp%2Fv2%2Fcategories&post=4574"},{"taxonomy":"post_tag","embeddable":true,"href":"https:\/\/webdealta.info\/index.php?rest_route=%2Fwp%2Fv2%2Ftags&post=4574"}],"curies":[{"name":"wp","href":"https:\/\/api.w.org\/{rel}","templated":true}]}}