{"id":4541,"date":"2022-04-12T23:23:09","date_gmt":"2022-04-13T03:23:09","guid":{"rendered":"https:\/\/webdealta.info\/?p=4541"},"modified":"2022-04-12T23:23:50","modified_gmt":"2022-04-13T03:23:50","slug":"parroquia-altagracia-misa-y-procesion-el-dia-del-nazareno","status":"publish","type":"post","link":"https:\/\/webdealta.info\/?p=4541","title":{"rendered":"Parroquia Altagracia: misa y procesi\u00f3n el D\u00eda del Nazareno"},"content":{"rendered":"\n<p>Amanda Saldivia.-<\/p>\n\n\n\n<p>Todo dispuesto en la Iglesia Nuestra Se\u00f1ora de Altagracia para las eucarist\u00edas que se realizar\u00e1n este Mi\u00e9rcoles Santo, D\u00eda del Nazareno, en el cual nuevamente ser\u00e1 expuesta la imagen de Jes\u00fas con t\u00fanica morada y corona de espinas, pieza tra\u00edda a esta poblaci\u00f3n por la familia Toledo en el a\u00f1o 1840, la cual con el paso de los a\u00f1os se transform\u00f3 en el Nazareno de Altagracia de Orituco.<\/p>\n\n\n\n<p>Este martes, Jes\u00fas Valed\u00f3n, descendientes de los Toledo e igualmente Javier Caldera, quien tradicionalmente se ocupa de la ornamentaci\u00f3n, acudieron al templo luego de dos a\u00f1os en que las procesiones estuvieron suspendidas debido a las restricciones propias de la pandemia de covid-19, motivo por el cual la imagen permaneci\u00f3 en la capilla de la hacienda Santa Juana.<\/p>\n\n\n\n<p>Nohelia Guti\u00e9rrez, coment\u00f3 al equipo de la Web de Altagracia, que fue emocionante el fervor en torno a esta tradici\u00f3n y que todos juntos se dedicaron a decorar la iglesia, el Sant\u00edsimo, la imagen de Jes\u00fas y de la Dolorosa, entre ellos integrantes de la Legi\u00f3n de Mar\u00eda, Mari Mota, Cleotilde Itriago, Karen Noriega y Andreina Zerpa.<\/p>\n\n\n\n<p>De acuerdo a la programaci\u00f3n compartida habr\u00e1 misas a las 7:00 am, a las 9:00 am y a las 5:00 pm, para luego partir en procesi\u00f3n.<\/p>\n\n\n\n<p>El D\u00eda del Nazareno es tradicionalmente el de mayor concurrencia a los templos en Semana Santa, porque est\u00e1 relacionado a realizar peticiones y otros a pagar promesas.<\/p>\n\n\n\n<p>@amandasaldivia   <\/p>\n\n\n\n<p><\/p>\n","protected":false},"excerpt":{"rendered":"<p>Amanda Saldivia.- Todo dispuesto en la Iglesia Nuestra Se\u00f1ora de Altagracia para las eucarist\u00edas que se realizar\u00e1n este Mi\u00e9rcoles Santo, D\u00eda del Nazareno, en el cual nuevamente ser\u00e1 expuesta la imagen de Jes\u00fas con t\u00fanica morada y corona de espinas, pieza tra\u00edda a esta poblaci\u00f3n por la familia Toledo en<\/p>\n","protected":false},"author":2,"featured_media":4542,"comment_status":"open","ping_status":"open","sticky":false,"template":"","format":"standard","meta":{"advanced_seo_description":"","jetpack_seo_html_title":"","jetpack_seo_noindex":false,"_jetpack_memberships_contains_paid_content":false,"footnotes":"","jetpack_publicize_message":"","jetpack_publicize_feature_enabled":true,"jetpack_social_post_already_shared":true,"jetpack_social_options":{"image_generator_settings":{"template":"highway","enabled":false},"version":2}},"categories":[202],"tags":[8,7,32],"class_list":["post-4541","post","type-post","status-publish","format-standard","has-post-thumbnail","hentry","category-semana-santa","tag-altagraciadeorituco","tag-guarico","tag-webdealta",""],"jetpack_publicize_connections":[],"jetpack_featured_media_url":"https:\/\/webdealta.info\/wp-content\/uploads\/2022\/04\/nazareno-webdealta-miercoles.png","jetpack_sharing_enabled":true,"jetpack_likes_enabled":true,"jetpack-related-posts":[],"jetpack_shortlink":"https:\/\/wp.me\/pcseDn-1bf","_links":{"self":[{"href":"https:\/\/webdealta.info\/index.php?rest_route=\/wp\/v2\/posts\/4541","targetHints":{"allow":["GET"]}}],"collection":[{"href":"https:\/\/webdealta.info\/index.php?rest_route=\/wp\/v2\/posts"}],"about":[{"href":"https:\/\/webdealta.info\/index.php?rest_route=\/wp\/v2\/types\/post"}],"author":[{"embeddable":true,"href":"https:\/\/webdealta.info\/index.php?rest_route=\/wp\/v2\/users\/2"}],"replies":[{"embeddable":true,"href":"https:\/\/webdealta.info\/index.php?rest_route=%2Fwp%2Fv2%2Fcomments&post=4541"}],"version-history":[{"count":1,"href":"https:\/\/webdealta.info\/index.php?rest_route=\/wp\/v2\/posts\/4541\/revisions"}],"predecessor-version":[{"id":4543,"href":"https:\/\/webdealta.info\/index.php?rest_route=\/wp\/v2\/posts\/4541\/revisions\/4543"}],"wp:featuredmedia":[{"embeddable":true,"href":"https:\/\/webdealta.info\/index.php?rest_route=\/wp\/v2\/media\/4542"}],"wp:attachment":[{"href":"https:\/\/webdealta.info\/index.php?rest_route=%2Fwp%2Fv2%2Fmedia&parent=4541"}],"wp:term":[{"taxonomy":"category","embeddable":true,"href":"https:\/\/webdealta.info\/index.php?rest_route=%2Fwp%2Fv2%2Fcategories&post=4541"},{"taxonomy":"post_tag","embeddable":true,"href":"https:\/\/webdealta.info\/index.php?rest_route=%2Fwp%2Fv2%2Ftags&post=4541"}],"curies":[{"name":"wp","href":"https:\/\/api.w.org\/{rel}","templated":true}]}}