{"id":4533,"date":"2022-04-10T14:49:33","date_gmt":"2022-04-10T18:49:33","guid":{"rendered":"https:\/\/webdealta.info\/?p=4533"},"modified":"2022-04-10T14:49:34","modified_gmt":"2022-04-10T18:49:34","slug":"domingo-de-ramos-masiva-asistencia-tras-dos-anos-de-pandemia","status":"publish","type":"post","link":"https:\/\/webdealta.info\/?p=4533","title":{"rendered":"Domingo de Ramos: masiva asistencia tras dos a\u00f1os de pandemia"},"content":{"rendered":"\n<p>Amanda Saldivia.-<\/p>\n\n\n\n<p>En el Domingo de Ramos y destac\u00f3 la masiva asistencia a la Capilla del Carmen, lugar de oraci\u00f3n donde tradicionalmente en Altagracia de Orituco se bendice la palma, para luego trasladarse en procesi\u00f3n hasta la Iglesia Nuestra Se\u00f1ora de Altagracia, tal como se realiz\u00f3 en la ma\u00f1ana de este 10 de abril.<\/p>\n\n\n\n<p>El padre Cruz Mujica presidi\u00f3 el acto lit\u00fargico que marc\u00f3 el inicio de la Semana Santa, en el cual uno de los aspectos m\u00e1s resaltante fue la masiva asistencia de feligreses, quienes acudieron sin mayores restricciones, tras dos a\u00f1os de pandemia.<\/p>\n\n\n\n<p>En un comunicado difundido por la Di\u00f3cesis de Valle de la Pascua, a cargo del Obispo Monse\u00f1or Ram\u00f3n Jos\u00e9 Aponte, relatan que \u201ccon la entrada triunfal de Jes\u00fas en Jerusal\u00e9n se da inicio a la m\u00e1s santa de todas las semanas. Jes\u00fas entra aclamado entre las multitudes y hoy con un coraz\u00f3n disponible se hace el mismo recorrido que hizo \u00e9l, manifestando y conservando la fe, a pesar de las adversidades y dificultades que vivimos en el mundo de hoy\u201d.<\/p>\n\n\n\n<p>Seguidamente plasma que \u201cen palabras de San Andr\u00e9s de Creta, corramos con aquel que se dirige a Jerusal\u00e9n para llegar luego a su Pasi\u00f3n, imitando el ejemplo de aquellos que salieron a su encuentro. Los ramos que hoy se levantan con el compromiso de acompa\u00f1ar a Jes\u00fas en esta semana, se levanten con gozo en la Vigilia Pascual, como signo de que hemos caminado a su lado\u201d.<\/p>\n\n\n\n<p>Ese fue el mensaje de la Iglesia el Domingo de Ramos, en medio de un ambiente impregnado por la fe, donde fue notoria la rehabilitaci\u00f3n de la Capilla del Carmen, edificaci\u00f3n que fue recientemente mejorada por iniciativa de los Laicos Anunciatos y otros colaboradores.<\/p>\n\n\n\n<p>@amandasaldivia     <\/p>\n\n\n\n<p><\/p>\n","protected":false},"excerpt":{"rendered":"<p>Amanda Saldivia.- En el Domingo de Ramos y destac\u00f3 la masiva asistencia a la Capilla del Carmen, lugar de oraci\u00f3n donde tradicionalmente en Altagracia de Orituco se bendice la palma, para luego trasladarse en procesi\u00f3n hasta la Iglesia Nuestra Se\u00f1ora de Altagracia, tal como se realiz\u00f3 en la ma\u00f1ana de<\/p>\n","protected":false},"author":2,"featured_media":4534,"comment_status":"open","ping_status":"open","sticky":false,"template":"","format":"standard","meta":{"advanced_seo_description":"","jetpack_seo_html_title":"","jetpack_seo_noindex":false,"_jetpack_memberships_contains_paid_content":false,"footnotes":"","jetpack_publicize_message":"","jetpack_publicize_feature_enabled":true,"jetpack_social_post_already_shared":true,"jetpack_social_options":{"image_generator_settings":{"template":"highway","enabled":false},"version":2}},"categories":[202],"tags":[8,7,32],"class_list":["post-4533","post","type-post","status-publish","format-standard","has-post-thumbnail","hentry","category-semana-santa","tag-altagraciadeorituco","tag-guarico","tag-webdealta",""],"jetpack_publicize_connections":[],"jetpack_featured_media_url":"https:\/\/webdealta.info\/wp-content\/uploads\/2022\/04\/domingo-de-ramos-webdealta.png","jetpack_sharing_enabled":true,"jetpack_likes_enabled":true,"jetpack-related-posts":[],"jetpack_shortlink":"https:\/\/wp.me\/pcseDn-1b7","_links":{"self":[{"href":"https:\/\/webdealta.info\/index.php?rest_route=\/wp\/v2\/posts\/4533","targetHints":{"allow":["GET"]}}],"collection":[{"href":"https:\/\/webdealta.info\/index.php?rest_route=\/wp\/v2\/posts"}],"about":[{"href":"https:\/\/webdealta.info\/index.php?rest_route=\/wp\/v2\/types\/post"}],"author":[{"embeddable":true,"href":"https:\/\/webdealta.info\/index.php?rest_route=\/wp\/v2\/users\/2"}],"replies":[{"embeddable":true,"href":"https:\/\/webdealta.info\/index.php?rest_route=%2Fwp%2Fv2%2Fcomments&post=4533"}],"version-history":[{"count":1,"href":"https:\/\/webdealta.info\/index.php?rest_route=\/wp\/v2\/posts\/4533\/revisions"}],"predecessor-version":[{"id":4535,"href":"https:\/\/webdealta.info\/index.php?rest_route=\/wp\/v2\/posts\/4533\/revisions\/4535"}],"wp:featuredmedia":[{"embeddable":true,"href":"https:\/\/webdealta.info\/index.php?rest_route=\/wp\/v2\/media\/4534"}],"wp:attachment":[{"href":"https:\/\/webdealta.info\/index.php?rest_route=%2Fwp%2Fv2%2Fmedia&parent=4533"}],"wp:term":[{"taxonomy":"category","embeddable":true,"href":"https:\/\/webdealta.info\/index.php?rest_route=%2Fwp%2Fv2%2Fcategories&post=4533"},{"taxonomy":"post_tag","embeddable":true,"href":"https:\/\/webdealta.info\/index.php?rest_route=%2Fwp%2Fv2%2Ftags&post=4533"}],"curies":[{"name":"wp","href":"https:\/\/api.w.org\/{rel}","templated":true}]}}