{"id":4520,"date":"2022-04-09T07:59:12","date_gmt":"2022-04-09T11:59:12","guid":{"rendered":"https:\/\/webdealta.info\/?p=4520"},"modified":"2022-04-09T07:59:13","modified_gmt":"2022-04-09T11:59:13","slug":"el-poder-del-conocimiento-el-nazareno-de-altagracia","status":"publish","type":"post","link":"https:\/\/webdealta.info\/?p=4520","title":{"rendered":"El Poder del Conocimiento: El Nazareno de Altagracia"},"content":{"rendered":"\n<p>Amanda Saldivia.-<\/p>\n\n\n\n<p>Altagracia es una poblaci\u00f3n guarique\u00f1a con muchas historias, las cuales son resaltadas con la serie de micros El Poder del Conocimiento, iniciativa de la empresa Promasorca. Esta semana present\u00f3 el dedicado a la conversaci\u00f3n que sostuvo Veronique Valed\u00f3n en el a\u00f1o 2000 con su abuela materna Natividad Augusta Toledo Garc\u00eda, quien escuchaba contar como los hermanos Teodoro Augusto Toledo y Aquilino Toledo trajeron la imagen del Nazareno a esta tierra gracitana en el a\u00f1o 1840.<\/p>\n\n\n\n<p>Veronique \u00a0plasma la conversaci\u00f3n con su abuela en el trabajo Titulado La Familia Toledo y El Nazareno de Altagracia de Orituco.\u00a0 Su abuela Natividad, era conocida como Natty de Hurtado, luego de contraer matrimonio con C\u00e9sar Hurtado.<\/p>\n\n\n\n<p>Natty &nbsp;le cont\u00f3 que la imagen fue tra\u00edda de Espa\u00f1a y posteriormente trasladada a Altagracia. Dec\u00eda que Aquilino a caballo y con una gran cantidad de peones a pie, trasladaron por caminitos la imagen del Nazareno en una hamaca, describ\u00eda que era \u201cuna especie de chinchorrito donde iba el Nazareno, la Cruz y todo lo dem\u00e1s en cajas, esos eran muchos hombres para llevarlo a Altagracia\u2026Aquilino lo llev\u00f3 desde Caracas con los peones y su hermano Teodoro lo esperaba all\u00e1, pero el dinero fue de los dos\u201d.<\/p>\n\n\n\n<p>En el a\u00f1o 1840 la imagen fue venerada por primera vez, luego de la traves\u00eda para traerla a la casa Tolede\u00f1a en Altagracia de Orituco, ubicada en la calle Rond\u00f3n cruce con Sucre.<\/p>\n\n\n\n<p>Natty relataba que \u201cen la misa y en la procesi\u00f3n todos se vest\u00edan de morado para pagar promesas y cumplir con los favores recibidos\u2026todo el pueblo de Altagracia y sus alrededores se sumaban a la celebraci\u00f3n del Nazareno, conocido como el Nazareno de los Toledo que hace milagros.<\/p>\n\n\n\n<p>Narraba que la gente le dec\u00eda que era la due\u00f1a del Santo y ella respond\u00eda: solo soy la representante de los Toledo y el Nazareno es del Pueblo y de todos los que creen en \u00e9l. La gente al verla en la iglesia en la v\u00edspera del mi\u00e9rcoles Santo comentaban \u00a0lleg\u00f3 Natty Nazareno y ella les contestaba, \u00abno, yo soy Natty Toledo\u201d.<\/p>\n\n\n\n<p>Al culminar el relato Natty le coment\u00f3 a su nieta Veronique \u201c\u2026recordar es vivir y aspiro que continuemos todos los familiares con esta tradici\u00f3n tan bella y llena de fe\u201d.<\/p>\n\n\n\n<p>Natividad Augusta Toledo Garc\u00eda, Natty, muri\u00f3 el 15 de noviembre de 2007 y ya antes de esa fecha su sobrina Carmen Valed\u00f3n asumi\u00f3 la responsabilidad de ser la gu\u00eda de esta tradici\u00f3n familiar.<\/p>\n\n\n\n<p>La expectativa est\u00e1 en ver nuevamente la imagen del Nazareno en la Iglesia Nuestra Se\u00f1ora de Altagracia, porque debido a la pandemia ha permanecido en la capilla de la hacienda Santa Juana los dos \u00faltimos a\u00f1os.<\/p>\n\n\n\n<p>Son historias de fe y de gracitanos que no ve\u00edan obst\u00e1culos para que Altagracia tuviera una imagen del Nazareno, que con el paso de los a\u00f1os pas\u00f3 a ser el Nazareno que hace milagros.<\/p>\n\n\n\n<p>@amandasaldivia    <\/p>\n\n\n\n<p><\/p>\n","protected":false},"excerpt":{"rendered":"<p>Amanda Saldivia.- Altagracia es una poblaci\u00f3n guarique\u00f1a con muchas historias, las cuales son resaltadas con la serie de micros El Poder del Conocimiento, iniciativa de la empresa Promasorca. Esta semana present\u00f3 el dedicado a la conversaci\u00f3n que sostuvo Veronique Valed\u00f3n en el a\u00f1o 2000 con su abuela materna Natividad Augusta<\/p>\n","protected":false},"author":2,"featured_media":4521,"comment_status":"open","ping_status":"open","sticky":false,"template":"","format":"standard","meta":{"advanced_seo_description":"","jetpack_seo_html_title":"","jetpack_seo_noindex":false,"_jetpack_memberships_contains_paid_content":false,"footnotes":"","jetpack_publicize_message":"","jetpack_publicize_feature_enabled":true,"jetpack_social_post_already_shared":true,"jetpack_social_options":{"image_generator_settings":{"template":"highway","enabled":false},"version":2}},"categories":[302],"tags":[8,7,32],"class_list":["post-4520","post","type-post","status-publish","format-standard","has-post-thumbnail","hentry","category-el-poder-del-conocimiento","tag-altagraciadeorituco","tag-guarico","tag-webdealta",""],"jetpack_publicize_connections":[],"jetpack_featured_media_url":"https:\/\/webdealta.info\/wp-content\/uploads\/2022\/04\/Nazareno-2-webdealta.png","jetpack_sharing_enabled":true,"jetpack_likes_enabled":true,"jetpack-related-posts":[],"jetpack_shortlink":"https:\/\/wp.me\/pcseDn-1aU","_links":{"self":[{"href":"https:\/\/webdealta.info\/index.php?rest_route=\/wp\/v2\/posts\/4520","targetHints":{"allow":["GET"]}}],"collection":[{"href":"https:\/\/webdealta.info\/index.php?rest_route=\/wp\/v2\/posts"}],"about":[{"href":"https:\/\/webdealta.info\/index.php?rest_route=\/wp\/v2\/types\/post"}],"author":[{"embeddable":true,"href":"https:\/\/webdealta.info\/index.php?rest_route=\/wp\/v2\/users\/2"}],"replies":[{"embeddable":true,"href":"https:\/\/webdealta.info\/index.php?rest_route=%2Fwp%2Fv2%2Fcomments&post=4520"}],"version-history":[{"count":1,"href":"https:\/\/webdealta.info\/index.php?rest_route=\/wp\/v2\/posts\/4520\/revisions"}],"predecessor-version":[{"id":4522,"href":"https:\/\/webdealta.info\/index.php?rest_route=\/wp\/v2\/posts\/4520\/revisions\/4522"}],"wp:featuredmedia":[{"embeddable":true,"href":"https:\/\/webdealta.info\/index.php?rest_route=\/wp\/v2\/media\/4521"}],"wp:attachment":[{"href":"https:\/\/webdealta.info\/index.php?rest_route=%2Fwp%2Fv2%2Fmedia&parent=4520"}],"wp:term":[{"taxonomy":"category","embeddable":true,"href":"https:\/\/webdealta.info\/index.php?rest_route=%2Fwp%2Fv2%2Fcategories&post=4520"},{"taxonomy":"post_tag","embeddable":true,"href":"https:\/\/webdealta.info\/index.php?rest_route=%2Fwp%2Fv2%2Ftags&post=4520"}],"curies":[{"name":"wp","href":"https:\/\/api.w.org\/{rel}","templated":true}]}}