{"id":4517,"date":"2022-04-08T07:34:57","date_gmt":"2022-04-08T11:34:57","guid":{"rendered":"https:\/\/webdealta.info\/?p=4517"},"modified":"2022-04-08T07:34:58","modified_gmt":"2022-04-08T11:34:58","slug":"programacion-de-semana-santa-en-nuestra-senora-de-los-dolores","status":"publish","type":"post","link":"https:\/\/webdealta.info\/?p=4517","title":{"rendered":"Programaci\u00f3n de Semana Santa en Nuestra Se\u00f1ora de los Dolores"},"content":{"rendered":"\n<p>Amanda Saldivia.-<\/p>\n\n\n\n<p>Cada parroquia eclesi\u00e1stica del municipio Monagas tendr\u00e1 programaci\u00f3n de Semana Santa en el seno de la comunidad y no como se hizo en los dos \u00faltimos a\u00f1os, que debido a la pandemia se concentr\u00f3 en la iglesia Nuestra Se\u00f1ora de Altagracia e igualmente en la transmisi\u00f3n de las eucarist\u00edas a trav\u00e9s de los medios radiof\u00f3nicos.<\/p>\n\n\n\n<p>En conversaci\u00f3n con el padre Santiago Le\u00f3n, gu\u00eda espiritual de la parroquia Nuestra Se\u00f1ora de los Dolores, precis\u00f3 que la programaci\u00f3n se har\u00e1 en el templo de Camoruco, pero tambi\u00e9n en las comunidades que la conforman, entre ellas Taguapire, Apamate, Ipare, Alto Ipare, Gamelotal, Dos Caminos y Paural.&nbsp;&nbsp;&nbsp;<\/p>\n\n\n\n<p>Con el lema \u201cescuchemos los pasos de la Cruz y renovemos la fe en Jes\u00fas\u201d, el padre Santiago comparti\u00f3 las actividades que cumplir\u00e1n:<\/p>\n\n\n\n<p>Parroquia Nuestra Se\u00f1ora de los Dolores (Camoruco)<\/p>\n\n\n\n<p><strong>Domingo de Ramos 10\/04\/22<\/strong><\/p>\n\n\n\n<ul class=\"wp-block-list\"><li>5:30 p. m. Bendici\u00f3n de Ramos y Eucarist\u00eda.<\/li><\/ul>\n\n\n\n<p><strong>Lunes Santo 11\/04\/22- Jes\u00fas Atado a la Columna<\/strong><\/p>\n\n\n\n<ul class=\"wp-block-list\"><li>6:00 p. m. Eucarist\u00eda y Procesi\u00f3n.<\/li><\/ul>\n\n\n\n<p><strong>Martes Santo 12\/04\/22. Jes\u00fas, Humildad y Paciencia:<\/strong><\/p>\n\n\n\n<ul class=\"wp-block-list\"><li>6:00 p. m. Eucarist\u00eda y Procesi\u00f3n.<\/li><\/ul>\n\n\n\n<p><strong>Mi\u00e9rcoles Santo 13\/04\/22 . Jes\u00fas, el Nazareno<\/strong><\/p>\n\n\n\n<ul class=\"wp-block-list\"><li>6:00 p. m. Eucarist\u00eda y Procesi\u00f3n.<\/li><\/ul>\n\n\n\n<p><strong>Jueves Santo 14\/04\/22 .\u00daltima Cena<\/strong><\/p>\n\n\n\n<ul class=\"wp-block-list\"><li>6:00 p. m. Eucarist\u00eda. 7:30-9:00 p. m. Adoraci\u00f3n a Jes\u00fas Sacramentado.<\/li><\/ul>\n\n\n\n<p><strong>Viernes Santo 15\/04\/22. Jes\u00fas muere en la Cruz:<\/strong><\/p>\n\n\n\n<ul class=\"wp-block-list\"><li>7:00 a. m Adoraci\u00f3n de Jes\u00fas Sacramentado en los 7 Monumentos.<\/li><li>6:00 p. m. Liturgia de la Cruz. Procesi\u00f3n del Cristo y del Sepulcro.<\/li><\/ul>\n\n\n\n<p><strong>S\u00e1bado Santo 16\/04\/22<\/strong><\/p>\n\n\n\n<ul class=\"wp-block-list\"><li>7:00 p. m. Vigilia Pascual. (Bendici\u00f3n del agua)<\/li><\/ul>\n\n\n\n<p><strong>Domingo 17\/04\/22. Domingo de Resurrecci\u00f3n<\/strong><\/p>\n\n\n\n<p>6:00 p. m. Eucarist\u00eda.<\/p>\n\n\n\n<p><strong>Celebraciones en las Comunidades de Nuestra Parroquia:<\/strong><\/p>\n\n\n\n<p><strong>Domingo de Ramos 10\/04\/22<\/strong><\/p>\n\n\n\n<ul class=\"wp-block-list\"><li>7:00 a. m. Bendici\u00f3n de Ramos en Taguapire.<\/li><li>7:30 a. m. Bendici\u00f3n de Ramos en Apamate.<\/li><li>8:30 a. m. Bendici\u00f3n de Ramos y Misa en Alto de Ipare<\/li><li>9:30 a. m. Bendici\u00f3n de Ramos y Misa en Ipare Abajo<\/li><li>10:30 a. m. bendici\u00f3n de Ramos y Misa en Dos Caminos<\/li><li>4:00 p. m. Bendici\u00f3n de Ramos y Misa en Gamelotal.<\/li><\/ul>\n\n\n\n<p><strong>Mi\u00e9rcoles Santo 13\/04\/22. Jes\u00fas, el Nazareno:<\/strong><\/p>\n\n\n\n<ul class=\"wp-block-list\"><li>7:00 a.m. Misa en Taguapire<\/li><li>8:00 a.m. Misa en Apamate<\/li><li>9:00 a. m. Celebraci\u00f3n en Alto Ipare<\/li><li>10:00 a. m. Celebraci\u00f3n en Dos Caminos<\/li><li>3:00 p. m. Misa en Ipare Abajo<\/li><li>4:30 p. m. Misa en Paural<\/li><\/ul>\n\n\n\n<p><strong>Jueves Santo 14\/04\/22 \u00daltima Cena:<\/strong><\/p>\n\n\n\n<ul class=\"wp-block-list\"><li>4:30 p. m. Misa en Paural<\/li><\/ul>\n\n\n\n<p><strong>Viernes Santo 15\/04\/22. Jes\u00fas muere en la Cruz:<\/strong><\/p>\n\n\n\n<ul class=\"wp-block-list\"><li>4:30 p. m. Liturgia de la Cruz el La Poncha.<\/li><\/ul>\n\n\n\n<p><strong>Domingo 17\/04\/22. Domingo de Resurrecci\u00f3n:<\/strong><\/p>\n\n\n\n<ul class=\"wp-block-list\"><li>7:00 a. m. Bendici\u00f3n del agua en Taguapire<\/li><li>8:00 a. m. Bendici\u00f3n del agua en Apamate.<\/li><li>9:00 a. m. Misa y Bendici\u00f3n del agua en Alto Ipare<\/li><li>10:00 a. m. Bendici\u00f3n del agua en Dos caminos<\/li><li>3:00 p. m. Misa y Bendici\u00f3n del agua en Ipare Abajo<\/li><li>4:30 p. m. Misa y Bendici\u00f3n del Agua en Paural    <\/li><\/ul>\n","protected":false},"excerpt":{"rendered":"<p>Amanda Saldivia.- Cada parroquia eclesi\u00e1stica del municipio Monagas tendr\u00e1 programaci\u00f3n de Semana Santa en el seno de la comunidad y no como se hizo en los dos \u00faltimos a\u00f1os, que debido a la pandemia se concentr\u00f3 en la iglesia Nuestra Se\u00f1ora de Altagracia e igualmente en la transmisi\u00f3n de las<\/p>\n","protected":false},"author":2,"featured_media":4518,"comment_status":"open","ping_status":"open","sticky":false,"template":"","format":"standard","meta":{"advanced_seo_description":"","jetpack_seo_html_title":"","jetpack_seo_noindex":false,"_jetpack_memberships_contains_paid_content":false,"footnotes":"","jetpack_publicize_message":"","jetpack_publicize_feature_enabled":true,"jetpack_social_post_already_shared":true,"jetpack_social_options":{"image_generator_settings":{"template":"highway","enabled":false},"version":2}},"categories":[202],"tags":[8,7,32],"class_list":["post-4517","post","type-post","status-publish","format-standard","has-post-thumbnail","hentry","category-semana-santa","tag-altagraciadeorituco","tag-guarico","tag-webdealta",""],"jetpack_publicize_connections":[],"jetpack_featured_media_url":"https:\/\/webdealta.info\/wp-content\/uploads\/2022\/04\/padre-webdealta-jpg.jpg","jetpack_sharing_enabled":true,"jetpack_likes_enabled":true,"jetpack-related-posts":[],"jetpack_shortlink":"https:\/\/wp.me\/pcseDn-1aR","_links":{"self":[{"href":"https:\/\/webdealta.info\/index.php?rest_route=\/wp\/v2\/posts\/4517","targetHints":{"allow":["GET"]}}],"collection":[{"href":"https:\/\/webdealta.info\/index.php?rest_route=\/wp\/v2\/posts"}],"about":[{"href":"https:\/\/webdealta.info\/index.php?rest_route=\/wp\/v2\/types\/post"}],"author":[{"embeddable":true,"href":"https:\/\/webdealta.info\/index.php?rest_route=\/wp\/v2\/users\/2"}],"replies":[{"embeddable":true,"href":"https:\/\/webdealta.info\/index.php?rest_route=%2Fwp%2Fv2%2Fcomments&post=4517"}],"version-history":[{"count":1,"href":"https:\/\/webdealta.info\/index.php?rest_route=\/wp\/v2\/posts\/4517\/revisions"}],"predecessor-version":[{"id":4519,"href":"https:\/\/webdealta.info\/index.php?rest_route=\/wp\/v2\/posts\/4517\/revisions\/4519"}],"wp:featuredmedia":[{"embeddable":true,"href":"https:\/\/webdealta.info\/index.php?rest_route=\/wp\/v2\/media\/4518"}],"wp:attachment":[{"href":"https:\/\/webdealta.info\/index.php?rest_route=%2Fwp%2Fv2%2Fmedia&parent=4517"}],"wp:term":[{"taxonomy":"category","embeddable":true,"href":"https:\/\/webdealta.info\/index.php?rest_route=%2Fwp%2Fv2%2Fcategories&post=4517"},{"taxonomy":"post_tag","embeddable":true,"href":"https:\/\/webdealta.info\/index.php?rest_route=%2Fwp%2Fv2%2Ftags&post=4517"}],"curies":[{"name":"wp","href":"https:\/\/api.w.org\/{rel}","templated":true}]}}