{"id":4499,"date":"2022-04-06T16:45:19","date_gmt":"2022-04-06T20:45:19","guid":{"rendered":"https:\/\/webdealta.info\/?p=4499"},"modified":"2022-04-06T16:45:19","modified_gmt":"2022-04-06T20:45:19","slug":"abril-mes-de-la-educacion-especial","status":"publish","type":"post","link":"https:\/\/webdealta.info\/?p=4499","title":{"rendered":"Abril: Mes de la Educaci\u00f3n Especial"},"content":{"rendered":"\n<p>Amanda Saldivia.-<\/p>\n\n\n\n<p>Alegr\u00eda, regalos y hasta la presentaci\u00f3n sorpresa de Yenifer Mora, marc\u00f3 el inicio del Mes de la Educaci\u00f3n Especial que organiz\u00f3 la IAEE Altagracia, con el patrocinio de la Guardia Nacional Bolivariana y de otros colaboradores.<\/p>\n\n\n\n<p>En la fotograf\u00eda que acompa\u00f1a esta nota, se destaca uno de los momentos especiales de la jornada que se llev\u00f3 a cabo en la ma\u00f1ana de este martes cinco de abril, en la cual el tema central fue concientizar sobre el autismo, por celebrarse el pasado dos de abril el d\u00eda mundial para resaltar esa fecha. Por tal motivo, hubo una charla sobre los rasgos principales de esta condici\u00f3n e igualmente din\u00e1mica con globos para integrar a los presentes.<\/p>\n\n\n\n<p>Las palabras alusivas al D\u00eda Mundial del Autismo estuvieron a cargo de la licenciada Marcia Vel\u00e1squez, directora del IEE, quien dijo que Altagracia es un \u201clugar de luz\u201d, porque hay pleno conocimiento sobre la necesidad de integraci\u00f3n de los j\u00f3venes a la sociedad, tarea que tienen como instituto y que a la vez es el mandato de la ONU, al celebrarse d\u00edas como la concienciaci\u00f3n sobre el autismo.<\/p>\n\n\n\n<p>Por parte de la Guarida Nacional, el mensaje estuvo a cargo del mayor Aular Dumar, comandante del destacamento rural Nro. 34, quien resalt\u00f3 que actividades similares se realizaban en el resto del estado Gu\u00e1rico, como parte del aporte social de esa instituci\u00f3n castrense y de la integraci\u00f3n a la comunidad.<\/p>\n\n\n\n<p>En representaci\u00f3n del Ministerio de Educaci\u00f3n estuvieron presentes la Dra. Susana Sayegh, supervisora de la Red Circuital; la Dra. Elsy Rodr\u00edguez, presidenta de la Fundaci\u00f3n del Ni\u00f1o en el municipio Monagas y la profesora Mar\u00eda Ortu\u00f1o, directora administrativa del IPasme, entre otros invitados.<\/p>\n\n\n\n<p>Por los cuerpos de seguridad, a parte del Mayor Aular Dumar, comandante del destacamento de la GNB-34, tambi\u00e9n asistieron el capit\u00e1n Jackson C\u00e1cerez, comandante del puesto de la GN; el comisario Ronald Mu\u00f1oz, comandante del Sebin; la comisionado jefe, Evelin Jaramillo, directora del CCP Nro. 14 y el comisionado jefe Carlos Colina, comandante de la PNB.<\/p>\n\n\n\n<figure class=\"wp-block-image size-full\"><img loading=\"lazy\" decoding=\"async\" width=\"1024\" height=\"576\" src=\"https:\/\/webdealta.info\/wp-content\/uploads\/2022\/04\/foto-1-webdealta-GNB.jpg\" alt=\"\" class=\"wp-image-4500\" srcset=\"https:\/\/webdealta.info\/wp-content\/uploads\/2022\/04\/foto-1-webdealta-GNB.jpg 1024w, https:\/\/webdealta.info\/wp-content\/uploads\/2022\/04\/foto-1-webdealta-GNB.jpg 300w, https:\/\/webdealta.info\/wp-content\/uploads\/2022\/04\/foto-1-webdealta-GNB.jpg 768w\" sizes=\"auto, (max-width: 640px) 100vw, 640px\" \/><figcaption>Licenciada Marcia Vel\u00e1squez entrega reconocimiento a la GNB<\/figcaption><\/figure>\n\n\n\n<p>En los colaboradores, destac\u00f3 la presencia de la Dra. Ritzi Rosa, la profesora Judith P\u00e9rez, presidenta de la Fundaci\u00f3n \u00c1ngel David, el compositor y comerciante Jacher Jabana, as\u00ed como tambi\u00e9n la colaboraci\u00f3n de Curipa, C.A, Promasorca y Delicatesses Don Emilio.<\/p>\n\n\n\n<p>La jornada festiva, con la asistencia de los 88 estudiantes del IEE Altagracia, tambi\u00e9n cont\u00f3 con la presentaci\u00f3n de la orquesta Alma Llanera, integrada por j\u00f3venes m\u00fasicos que forman parte del Sistema de Orquestas de Venezuela.<\/p>\n\n\n\n<p>@amandasaldivia     <\/p>\n","protected":false},"excerpt":{"rendered":"<p>Amanda Saldivia.- Alegr\u00eda, regalos y hasta la presentaci\u00f3n sorpresa de Yenifer Mora, marc\u00f3 el inicio del Mes de la Educaci\u00f3n Especial que organiz\u00f3 la IAEE Altagracia, con el patrocinio de la Guardia Nacional Bolivariana y de otros colaboradores. En la fotograf\u00eda que acompa\u00f1a esta nota, se destaca uno de los<\/p>\n","protected":false},"author":2,"featured_media":4501,"comment_status":"open","ping_status":"open","sticky":false,"template":"","format":"standard","meta":{"advanced_seo_description":"","jetpack_seo_html_title":"","jetpack_seo_noindex":false,"_jetpack_memberships_contains_paid_content":false,"footnotes":"","jetpack_publicize_message":"","jetpack_publicize_feature_enabled":true,"jetpack_social_post_already_shared":true,"jetpack_social_options":{"image_generator_settings":{"template":"highway","enabled":false},"version":2}},"categories":[151],"tags":[8,7,32],"class_list":["post-4499","post","type-post","status-publish","format-standard","has-post-thumbnail","hentry","category-educacion","tag-altagraciadeorituco","tag-guarico","tag-webdealta",""],"jetpack_publicize_connections":[],"jetpack_featured_media_url":"https:\/\/webdealta.info\/wp-content\/uploads\/2022\/04\/webdealta-IEEA.png","jetpack_sharing_enabled":true,"jetpack_likes_enabled":true,"jetpack-related-posts":[],"jetpack_shortlink":"https:\/\/wp.me\/pcseDn-1az","_links":{"self":[{"href":"https:\/\/webdealta.info\/index.php?rest_route=\/wp\/v2\/posts\/4499","targetHints":{"allow":["GET"]}}],"collection":[{"href":"https:\/\/webdealta.info\/index.php?rest_route=\/wp\/v2\/posts"}],"about":[{"href":"https:\/\/webdealta.info\/index.php?rest_route=\/wp\/v2\/types\/post"}],"author":[{"embeddable":true,"href":"https:\/\/webdealta.info\/index.php?rest_route=\/wp\/v2\/users\/2"}],"replies":[{"embeddable":true,"href":"https:\/\/webdealta.info\/index.php?rest_route=%2Fwp%2Fv2%2Fcomments&post=4499"}],"version-history":[{"count":1,"href":"https:\/\/webdealta.info\/index.php?rest_route=\/wp\/v2\/posts\/4499\/revisions"}],"predecessor-version":[{"id":4502,"href":"https:\/\/webdealta.info\/index.php?rest_route=\/wp\/v2\/posts\/4499\/revisions\/4502"}],"wp:featuredmedia":[{"embeddable":true,"href":"https:\/\/webdealta.info\/index.php?rest_route=\/wp\/v2\/media\/4501"}],"wp:attachment":[{"href":"https:\/\/webdealta.info\/index.php?rest_route=%2Fwp%2Fv2%2Fmedia&parent=4499"}],"wp:term":[{"taxonomy":"category","embeddable":true,"href":"https:\/\/webdealta.info\/index.php?rest_route=%2Fwp%2Fv2%2Fcategories&post=4499"},{"taxonomy":"post_tag","embeddable":true,"href":"https:\/\/webdealta.info\/index.php?rest_route=%2Fwp%2Fv2%2Ftags&post=4499"}],"curies":[{"name":"wp","href":"https:\/\/api.w.org\/{rel}","templated":true}]}}