{"id":4487,"date":"2022-04-03T14:32:46","date_gmt":"2022-04-03T18:32:46","guid":{"rendered":"https:\/\/webdealta.info\/?p=4487"},"modified":"2022-04-03T14:32:47","modified_gmt":"2022-04-03T18:32:47","slug":"al-fin-corrigen-desbordamiento-de-aguas-servidas-en-paural-i","status":"publish","type":"post","link":"https:\/\/webdealta.info\/?p=4487","title":{"rendered":"Al fin: corrigen desbordamiento de aguas servidas en Paural I"},"content":{"rendered":"\n<p>Amanda Saldivia.-<\/p>\n\n\n\n<p>Con la sustituci\u00f3n de 434 metros de tuber\u00eda pondr\u00e1n fin al colapso de redes de aguas servidas en el sector Paural I de Altagracia de Orituco, reportado por los vecinos desde el a\u00f1o 2021 y que tantas molestias caus\u00f3 en la comunidad por el desbordamiento en los hogares y el foco de contaminaci\u00f3n que se extend\u00eda a zonas cercanas.<\/p>\n\n\n\n<p>El trabajo lo inici\u00f3 la alcald\u00eda del municipio Monagas, este s\u00e1bado dos de abril, con recursos aprobados por el Consejo Federal de Gobierno y en medio de un acto especial con el gobernador Jos\u00e9 V\u00e1squez, el alcalde Pedro Sol\u00f3rzano y Sergio Rodr\u00edguez, Secretario de Infraestructura de Gu\u00e1rico, adem\u00e1s de otros funcionarios del ejecutivo regional, municipal y vecinos que conforman el Consejo Popular de Gobierno, especialmente los responsables de Servicios P\u00fablicos.<\/p>\n\n\n\n<p>Los primeros reportes del colapso de las redes de aguas servidas las recibi\u00f3 la Web de Altagracia en el a\u00f1o 2021, cuando producto de las lluvias varias familias denunciaron que hubo brotes por los inodoros de las viviendas, raz\u00f3n la cual iniciaron una cruzada para lograr la ejecuci\u00f3n de esta obra.<\/p>\n\n\n\n<p>En conversaci\u00f3n con la arquitecto Erika Seco, integrante del equipo municipal, &nbsp;precis\u00f3 que la pr\u00f3xima semana iniciar\u00e1n tambi\u00e9n los trabajos en Camoruco, donde ser\u00e1n sustituidos 560 metros de tuber\u00edas de redes de aguas servidas, en distintos puntos de esa urbanizaci\u00f3n.<\/p>\n\n\n\n<p>Cabe destacar, que el ambiente de Paural era de satisfacci\u00f3n por parte de las familias afectadas. Expresiones tales como \u201cal fin comenzaron los trabajos\u201d, \u201cahora si eliminar\u00e1n ese foco de contaminaci\u00f3n\u201d, se repet\u00edan al conversar con el equipo de la Web de Altagracia.<\/p>\n\n\n\n<p>@amandasaldivia   <\/p>\n\n\n\n<p><\/p>\n\n\n\n<p><\/p>\n","protected":false},"excerpt":{"rendered":"<p>Amanda Saldivia.- Con la sustituci\u00f3n de 434 metros de tuber\u00eda pondr\u00e1n fin al colapso de redes de aguas servidas en el sector Paural I de Altagracia de Orituco, reportado por los vecinos desde el a\u00f1o 2021 y que tantas molestias caus\u00f3 en la comunidad por el desbordamiento en los hogares<\/p>\n","protected":false},"author":2,"featured_media":4488,"comment_status":"open","ping_status":"open","sticky":false,"template":"","format":"standard","meta":{"advanced_seo_description":"","jetpack_seo_html_title":"","jetpack_seo_noindex":false,"_jetpack_memberships_contains_paid_content":false,"footnotes":"","jetpack_publicize_message":"","jetpack_publicize_feature_enabled":true,"jetpack_social_post_already_shared":true,"jetpack_social_options":{"image_generator_settings":{"template":"highway","enabled":false},"version":2}},"categories":[99],"tags":[8,7,32],"class_list":["post-4487","post","type-post","status-publish","format-standard","has-post-thumbnail","hentry","category-aguas-servidas","tag-altagraciadeorituco","tag-guarico","tag-webdealta",""],"jetpack_publicize_connections":[],"jetpack_featured_media_url":"https:\/\/webdealta.info\/wp-content\/uploads\/2022\/04\/trabajos-webdealta-Paural-I.png","jetpack_sharing_enabled":true,"jetpack_likes_enabled":true,"jetpack-related-posts":[],"jetpack_shortlink":"https:\/\/wp.me\/pcseDn-1an","_links":{"self":[{"href":"https:\/\/webdealta.info\/index.php?rest_route=\/wp\/v2\/posts\/4487","targetHints":{"allow":["GET"]}}],"collection":[{"href":"https:\/\/webdealta.info\/index.php?rest_route=\/wp\/v2\/posts"}],"about":[{"href":"https:\/\/webdealta.info\/index.php?rest_route=\/wp\/v2\/types\/post"}],"author":[{"embeddable":true,"href":"https:\/\/webdealta.info\/index.php?rest_route=\/wp\/v2\/users\/2"}],"replies":[{"embeddable":true,"href":"https:\/\/webdealta.info\/index.php?rest_route=%2Fwp%2Fv2%2Fcomments&post=4487"}],"version-history":[{"count":1,"href":"https:\/\/webdealta.info\/index.php?rest_route=\/wp\/v2\/posts\/4487\/revisions"}],"predecessor-version":[{"id":4489,"href":"https:\/\/webdealta.info\/index.php?rest_route=\/wp\/v2\/posts\/4487\/revisions\/4489"}],"wp:featuredmedia":[{"embeddable":true,"href":"https:\/\/webdealta.info\/index.php?rest_route=\/wp\/v2\/media\/4488"}],"wp:attachment":[{"href":"https:\/\/webdealta.info\/index.php?rest_route=%2Fwp%2Fv2%2Fmedia&parent=4487"}],"wp:term":[{"taxonomy":"category","embeddable":true,"href":"https:\/\/webdealta.info\/index.php?rest_route=%2Fwp%2Fv2%2Fcategories&post=4487"},{"taxonomy":"post_tag","embeddable":true,"href":"https:\/\/webdealta.info\/index.php?rest_route=%2Fwp%2Fv2%2Ftags&post=4487"}],"curies":[{"name":"wp","href":"https:\/\/api.w.org\/{rel}","templated":true}]}}