{"id":4479,"date":"2022-04-02T11:05:11","date_gmt":"2022-04-02T15:05:11","guid":{"rendered":"https:\/\/webdealta.info\/?p=4479"},"modified":"2022-04-02T11:05:11","modified_gmt":"2022-04-02T15:05:11","slug":"upt-juana-ramirez-culmina-otra-fase-del-concurso-especial","status":"publish","type":"post","link":"https:\/\/webdealta.info\/?p=4479","title":{"rendered":"UPT Juana Ram\u00edrez culmina otra fase del concurso especial"},"content":{"rendered":"\n<p>Amanda Saldivia.-<\/p>\n\n\n\n<p>En Altagracia de Orituco culmin\u00f3, este jueves 31 de marzo, una fase m\u00e1s del proceso del concurso especial para el ingreso del personal contratado a la condici\u00f3n de ordinario en la Universidad Polit\u00e9cnica Territorial de los Llanos Juana Ram\u00edrez.<\/p>\n\n\n\n<p>El Dr. Luis Villegas, presidente de la comisi\u00f3n organizadora de este concurso especial, explic\u00f3 que se abri\u00f3 un proceso de inscripci\u00f3n para los docentes de esa casa de estudios universitarios con m\u00e1s de dos a\u00f1os contratados y luego de revisar los requisitos, un total de 95 profesores pasaron a la fase de evaluaci\u00f3n, la cual culmin\u00f3 en la sede de la extensi\u00f3n Altagracia.<\/p>\n\n\n\n<p>Agreg\u00f3 el Dr. Villegas, que durante la evaluaci\u00f3n cada profesor demostr\u00f3 mediante la presentaci\u00f3n de micro clase los conocimientos y otros aspectos relacionados al desempe\u00f1o profesional, lo que permitir\u00e1 la constancia definitiva de aprobaci\u00f3n del concurso especial por parte de la comisi\u00f3n, para posteriormente la emisi\u00f3n de la credencial como profesor ordinario que es responsabilidad del Consejo Universitario.<\/p>\n\n\n\n<p>\u201cEste era un concurso especial, no un concurso de oposici\u00f3n, se hace de esta forma para estabilizar al profesional que ya estaba contratado por muchos a\u00f1os, significa que el docente no iba a tener un contrincante, sino que iba contra s\u00ed mismo, deb\u00eda prepararse\u201d, dijo el Dr. Villegas.<\/p>\n\n\n\n<p>Igualmente mencion\u00f3, que una vez culmine todo el proceso de concurso, ellos est\u00e1n en la categor\u00eda de instructores, la base de las clasificaciones en el campo de la docencia universitaria, raz\u00f3n por la cual ser\u00e1 abierto el proceso de ascensos.<\/p>\n\n\n\n<p>Es importante se\u00f1alar, que anterior a la evaluaci\u00f3n en la extensi\u00f3n de Altagracia de Orituco,&nbsp; la comisi\u00f3n de traslad\u00f3 al n\u00facleo de Valle de la Pascua y Calabozo.<\/p>\n\n\n\n<p>La comisi\u00f3n organizadora de este concurso especial est\u00e1 integrada, adem\u00e1s del Dr. Luis Villegas, por los profesores universitarios Beatriz Cubero de Arocha, Iris Acosta, Maritza Bustamante, Ana Luz R\u00edos, Mar\u00eda Elena Rivas, Carlos Farias, Jaime \u00c1lvarez, Luis Vicu\u00f1a y el acompa\u00f1amiento de Cipriano Infante, coordinador acad\u00e9mico de la UPT Juana Ram\u00edrez.<\/p>\n\n\n\n<p>@amandasaldivia   <\/p>\n\n\n\n<p><\/p>\n","protected":false},"excerpt":{"rendered":"<p>Amanda Saldivia.- En Altagracia de Orituco culmin\u00f3, este jueves 31 de marzo, una fase m\u00e1s del proceso del concurso especial para el ingreso del personal contratado a la condici\u00f3n de ordinario en la Universidad Polit\u00e9cnica Territorial de los Llanos Juana Ram\u00edrez. El Dr. Luis Villegas, presidente de la comisi\u00f3n organizadora<\/p>\n","protected":false},"author":2,"featured_media":4480,"comment_status":"open","ping_status":"open","sticky":false,"template":"","format":"standard","meta":{"advanced_seo_description":"","jetpack_seo_html_title":"","jetpack_seo_noindex":false,"_jetpack_memberships_contains_paid_content":false,"footnotes":"","jetpack_publicize_message":"","jetpack_publicize_feature_enabled":true,"jetpack_social_post_already_shared":true,"jetpack_social_options":{"image_generator_settings":{"template":"highway","enabled":false},"version":2}},"categories":[151],"tags":[8,7,32],"class_list":["post-4479","post","type-post","status-publish","format-standard","has-post-thumbnail","hentry","category-educacion","tag-altagraciadeorituco","tag-guarico","tag-webdealta",""],"jetpack_publicize_connections":[],"jetpack_featured_media_url":"https:\/\/webdealta.info\/wp-content\/uploads\/2022\/04\/iut-de-los-llanos-webdealta.png","jetpack_sharing_enabled":true,"jetpack_likes_enabled":true,"jetpack-related-posts":[],"jetpack_shortlink":"https:\/\/wp.me\/pcseDn-1af","_links":{"self":[{"href":"https:\/\/webdealta.info\/index.php?rest_route=\/wp\/v2\/posts\/4479","targetHints":{"allow":["GET"]}}],"collection":[{"href":"https:\/\/webdealta.info\/index.php?rest_route=\/wp\/v2\/posts"}],"about":[{"href":"https:\/\/webdealta.info\/index.php?rest_route=\/wp\/v2\/types\/post"}],"author":[{"embeddable":true,"href":"https:\/\/webdealta.info\/index.php?rest_route=\/wp\/v2\/users\/2"}],"replies":[{"embeddable":true,"href":"https:\/\/webdealta.info\/index.php?rest_route=%2Fwp%2Fv2%2Fcomments&post=4479"}],"version-history":[{"count":1,"href":"https:\/\/webdealta.info\/index.php?rest_route=\/wp\/v2\/posts\/4479\/revisions"}],"predecessor-version":[{"id":4481,"href":"https:\/\/webdealta.info\/index.php?rest_route=\/wp\/v2\/posts\/4479\/revisions\/4481"}],"wp:featuredmedia":[{"embeddable":true,"href":"https:\/\/webdealta.info\/index.php?rest_route=\/wp\/v2\/media\/4480"}],"wp:attachment":[{"href":"https:\/\/webdealta.info\/index.php?rest_route=%2Fwp%2Fv2%2Fmedia&parent=4479"}],"wp:term":[{"taxonomy":"category","embeddable":true,"href":"https:\/\/webdealta.info\/index.php?rest_route=%2Fwp%2Fv2%2Fcategories&post=4479"},{"taxonomy":"post_tag","embeddable":true,"href":"https:\/\/webdealta.info\/index.php?rest_route=%2Fwp%2Fv2%2Ftags&post=4479"}],"curies":[{"name":"wp","href":"https:\/\/api.w.org\/{rel}","templated":true}]}}