{"id":4446,"date":"2022-03-26T18:52:43","date_gmt":"2022-03-26T22:52:43","guid":{"rendered":"https:\/\/webdealta.info\/?p=4446"},"modified":"2022-03-26T18:52:45","modified_gmt":"2022-03-26T22:52:45","slug":"gobernador-vasquez-gestionara-inversion-para-planta-chapaiguana","status":"publish","type":"post","link":"https:\/\/webdealta.info\/?p=4446","title":{"rendered":"Gobernador V\u00e1squez gestionar\u00e1 inversi\u00f3n para planta Chapaiguana"},"content":{"rendered":"\n<p>Amanda Saldivia.-<\/p>\n\n\n\n<p>En reuni\u00f3n que sostendr\u00e1 el gobernador Jos\u00e9 V\u00e1squez con el general N\u00e9stor Luis Reverol, vicepresidente Sectorial de Obras P\u00fablicas y Servicios, acompa\u00f1ado por el general Rodolfo Marco Torres, titular del Ministerio del Poder Popular de Atenci\u00f3n de las Aguas, ser\u00e1 gestionada la inversi\u00f3n que requiere la planta de tratamiento Chapaiguana de Altagracia de Orituco y otros sistema de potabilizaci\u00f3n de esta entidad llanera.<\/p>\n\n\n\n<p>El encuentro ser\u00eda el pr\u00f3ximo mi\u00e9rcoles 30 de marzo, de acuerdo a las declaraciones que ofreci\u00f3 el gobernador Jos\u00e9 V\u00e1squez, tras culminar el acto de juramentaci\u00f3n de los Consejos de Gobierno Popular del municipio Monagas, celebrado este s\u00e1bado 26 de marzo en la escuela Los Guaiquer\u00edes de Altagracia de Orituco.  <\/p>\n\n\n\n<p>Esa fue la respuesta que dio el primer mandatario regional, al notificarle los reportes que este medio digital recibe a diario, por parte de vecinos de distintas comunidades que esperan impacientes que el agua potable llegue a sus hogares, a trav\u00e9s de las redes de distribuci\u00f3n de la planta de tratamiento Chapaiguana.<\/p>\n\n\n\n<p>El gobernador Jos\u00e9 V\u00e1squez precis\u00f3, que \u201cel problema ac\u00e1 es estructural de la planta potabilizadora, en ese sentido nosotros le vamos a explicar la prioridad que tiene Gu\u00e1rico, sobre todo con el tema del agua potable y una de esa prioridades es Altagracia de Orituco, es el municipio Monagas, sobre todo donde puede alcanzar la red\u201d.<\/p>\n\n\n\n<p>Asimismo, se refiri\u00f3 a los estudios que est\u00e1n haciendo, a los fines de \u201cfortalecer el sistema de agua potable donde podamos hacer pozos profundos, ya tenemos algunos estudios, sobre todo en comunidades rurales apartadas&#8230;pero es la prioridad que yo tengo como gobierno, en este primer a\u00f1o, segundo a\u00f1o, resolver el tema del agua potable\u201d.<\/p>\n\n\n\n<p>Durante la entrevista se abordaron otros temas, entre ellos la finalidad de los Consejos de Gobierno Popular, la inversi\u00f3n en el hospital Dr. Jos\u00e9 Francisco Torrealba y el encuentro que sostendr\u00eda con los productores agropecuarios este s\u00e1bado 26 de marzo. Eso gener\u00f3 otros anuncios que a continuaci\u00f3n detallamos:<\/p>\n\n\n\n<ul class=\"wp-block-list\"><li>Una vez culminada las mejoras que actualmente se ejecutan en la emergencia del hospital Dr. Jos\u00e9 Francisco Torrealba, comenzar\u00e1 la rehabilitaci\u00f3n de una de las \u00e1reas del piso superior.<\/li><li>Dotar\u00e1n al hospital de una ambulancia nueva.<\/li><li>Ser\u00e1 entregada una patrulla nueva al Centro de Coordinaci\u00f3n Policial Nro. 14, con sede en Altagracia.<\/li><li>Los Consejos de Gobierno Popular har\u00e1n asambleas para definir prioridades.<\/li><li>Desde ya est\u00e1n cargando proyectos al sistema SINCO.<\/li><li>En total son 50 Consejos de Gobierno Popular, que es el mismo n\u00famero de centros electorales.<\/li><li>El encuentro con los productores ser\u00e1 para el diagn\u00f3stico del plan de siembra 2022, para articular la producci\u00f3n agr\u00edcola del estado Gu\u00e1rico.<\/li><\/ul>\n\n\n\n<p>@amandasaldivia\u00a0\u00a0\u00a0\u00a0   <\/p>\n\n\n\n<p><\/p>\n","protected":false},"excerpt":{"rendered":"<p>Amanda Saldivia.- En reuni\u00f3n que sostendr\u00e1 el gobernador Jos\u00e9 V\u00e1squez con el general N\u00e9stor Luis Reverol, vicepresidente Sectorial de Obras P\u00fablicas y Servicios, acompa\u00f1ado por el general Rodolfo Marco Torres, titular del Ministerio del Poder Popular de Atenci\u00f3n de las Aguas, ser\u00e1 gestionada la inversi\u00f3n que requiere la planta de<\/p>\n","protected":false},"author":2,"featured_media":4447,"comment_status":"open","ping_status":"open","sticky":false,"template":"","format":"standard","meta":{"advanced_seo_description":"","jetpack_seo_html_title":"","jetpack_seo_noindex":false,"_jetpack_memberships_contains_paid_content":false,"footnotes":"","jetpack_publicize_message":"","jetpack_publicize_feature_enabled":true,"jetpack_social_post_already_shared":true,"jetpack_social_options":{"image_generator_settings":{"template":"highway","enabled":false},"version":2}},"categories":[284],"tags":[8,7,32],"class_list":["post-4446","post","type-post","status-publish","format-standard","has-post-thumbnail","hentry","category-gobierno-de-guarico","tag-altagraciadeorituco","tag-guarico","tag-webdealta",""],"jetpack_publicize_connections":[],"jetpack_featured_media_url":"https:\/\/webdealta.info\/wp-content\/uploads\/2022\/03\/jose-vasquez-webdealta.png","jetpack_sharing_enabled":true,"jetpack_likes_enabled":true,"jetpack-related-posts":[],"jetpack_shortlink":"https:\/\/wp.me\/pcseDn-19I","_links":{"self":[{"href":"https:\/\/webdealta.info\/index.php?rest_route=\/wp\/v2\/posts\/4446","targetHints":{"allow":["GET"]}}],"collection":[{"href":"https:\/\/webdealta.info\/index.php?rest_route=\/wp\/v2\/posts"}],"about":[{"href":"https:\/\/webdealta.info\/index.php?rest_route=\/wp\/v2\/types\/post"}],"author":[{"embeddable":true,"href":"https:\/\/webdealta.info\/index.php?rest_route=\/wp\/v2\/users\/2"}],"replies":[{"embeddable":true,"href":"https:\/\/webdealta.info\/index.php?rest_route=%2Fwp%2Fv2%2Fcomments&post=4446"}],"version-history":[{"count":1,"href":"https:\/\/webdealta.info\/index.php?rest_route=\/wp\/v2\/posts\/4446\/revisions"}],"predecessor-version":[{"id":4448,"href":"https:\/\/webdealta.info\/index.php?rest_route=\/wp\/v2\/posts\/4446\/revisions\/4448"}],"wp:featuredmedia":[{"embeddable":true,"href":"https:\/\/webdealta.info\/index.php?rest_route=\/wp\/v2\/media\/4447"}],"wp:attachment":[{"href":"https:\/\/webdealta.info\/index.php?rest_route=%2Fwp%2Fv2%2Fmedia&parent=4446"}],"wp:term":[{"taxonomy":"category","embeddable":true,"href":"https:\/\/webdealta.info\/index.php?rest_route=%2Fwp%2Fv2%2Fcategories&post=4446"},{"taxonomy":"post_tag","embeddable":true,"href":"https:\/\/webdealta.info\/index.php?rest_route=%2Fwp%2Fv2%2Ftags&post=4446"}],"curies":[{"name":"wp","href":"https:\/\/api.w.org\/{rel}","templated":true}]}}