{"id":4442,"date":"2022-03-26T11:16:36","date_gmt":"2022-03-26T15:16:36","guid":{"rendered":"https:\/\/webdealta.info\/?p=4442"},"modified":"2022-03-26T11:16:38","modified_gmt":"2022-03-26T15:16:38","slug":"laicos-anunciatos-con-eucaristia-celebran-restauracion-de-la-capilla-el-carmen","status":"publish","type":"post","link":"https:\/\/webdealta.info\/?p=4442","title":{"rendered":"Laicos Anunciatos: con eucarist\u00eda celebran restauraci\u00f3n de la capilla El Carmen"},"content":{"rendered":"\n<p>Amanda Saldivia.-<\/p>\n\n\n\n<p>El D\u00eda de la Anunciaci\u00f3n del Se\u00f1or fue el escogido para la celebraci\u00f3n de la eucarist\u00eda en la capilla El Carmen de Altagracia de Orituco, Gu\u00e1rico, recientemente restaurada por iniciativa de los Laicos Anunciatos, con el aporte de instituciones y ciudadanos que se unieron a las mejoras de esta edificaci\u00f3n que data de 1855.<\/p>\n\n\n\n<p>Como es tradici\u00f3n, los Laicos Anunciatos renovaron compromisos de servicio a la comunidad en medio de las actividades programadas por el D\u00eda de la Anunciaci\u00f3n del Se\u00f1or, entre ellas la eucarist\u00eda oficiada por el padre Cruz Mujica para dar oficialmente recuperada la capilla El Carmen, donde pr\u00f3ximamente se retomar\u00e1n acciones sociales, adem\u00e1s de servir de sede a este grupo de gracitanos que forma parte de las Hermanitas de la Anunciaci\u00f3n que espiritualmente siguen a la Madre Mar\u00eda Berenice, fundadora de esa congregaci\u00f3n en Medell\u00edn, Colombia.<\/p>\n\n\n\n<p>Durante el desarrollo de la actividad hubo tres momentos especiales. El primero fue la celebraci\u00f3n de la eucarist\u00eda en acci\u00f3n de gracias por la culminaci\u00f3n de la primera etapa de restauraci\u00f3n de la capilla y le correspondi\u00f3 a Natal\u00ed Oma\u00f1a, coordinadora de los Laicos Anunciatos expresar el agradecimiento por los aportes que hicieron posible la recuperaci\u00f3n de ese sitio de oraci\u00f3n.<\/p>\n\n\n\n<p>Igualmente destac\u00f3, la consagraci\u00f3n que hizo el padre Cruz Mujica por Rusia y Ucrania, petici\u00f3n expresa del papa Francisco, quien orden\u00f3 que este viernes 25 de marzo de 2022 se realizara este acto en todas las eucarist\u00edas para el cede de la guerra, a la cual calific\u00f3 de \u201ccruel e insensata que amenaza al mundo\u201d, raz\u00f3n por la cual encomend\u00f3 a ambas naciones al Coraz\u00f3n Inmaculado de Mar\u00eda.<\/p>\n\n\n\n<p>Otro momento especial, fue la renovaci\u00f3n de los compromisos laicales por parte del grupo de gracitanos que llevan adelante acciones sociales, servicio de evangelizaci\u00f3n y misiones pastorales, entre otras.<\/p>\n\n\n\n<p>Cabe destacar, que la primera etapa de restauraci\u00f3n de la capilla El Carmen permitir\u00e1 retomar en ese lugar la catequesis, retiros espirituales, misas y talleres, as\u00ed como tambi\u00e9n otros proyectos relacionados a programas de \u00edndole social, entre ellos aporte de alimentos para 100 familias de esa zona.<\/p>\n\n\n\n<p>@amandasaldivia<\/p>\n\n\n\n<p>Fotos cortes\u00eda     <\/p>\n\n\n\n<p><\/p>\n","protected":false},"excerpt":{"rendered":"<p>Amanda Saldivia.- El D\u00eda de la Anunciaci\u00f3n del Se\u00f1or fue el escogido para la celebraci\u00f3n de la eucarist\u00eda en la capilla El Carmen de Altagracia de Orituco, Gu\u00e1rico, recientemente restaurada por iniciativa de los Laicos Anunciatos, con el aporte de instituciones y ciudadanos que se unieron a las mejoras de<\/p>\n","protected":false},"author":2,"featured_media":4443,"comment_status":"open","ping_status":"open","sticky":false,"template":"","format":"standard","meta":{"advanced_seo_description":"","jetpack_seo_html_title":"","jetpack_seo_noindex":false,"_jetpack_memberships_contains_paid_content":false,"footnotes":"","jetpack_publicize_message":"","jetpack_publicize_feature_enabled":true,"jetpack_social_post_already_shared":true,"jetpack_social_options":{"image_generator_settings":{"template":"highway","enabled":false},"version":2}},"categories":[42],"tags":[8,7,32],"class_list":["post-4442","post","type-post","status-publish","format-standard","has-post-thumbnail","hentry","category-iglesia-catolica","tag-altagraciadeorituco","tag-guarico","tag-webdealta",""],"jetpack_publicize_connections":[],"jetpack_featured_media_url":"https:\/\/webdealta.info\/wp-content\/uploads\/2022\/03\/capilla-El-Carmen-webdealta-1.png","jetpack_sharing_enabled":true,"jetpack_likes_enabled":true,"jetpack-related-posts":[],"jetpack_shortlink":"https:\/\/wp.me\/pcseDn-19E","_links":{"self":[{"href":"https:\/\/webdealta.info\/index.php?rest_route=\/wp\/v2\/posts\/4442","targetHints":{"allow":["GET"]}}],"collection":[{"href":"https:\/\/webdealta.info\/index.php?rest_route=\/wp\/v2\/posts"}],"about":[{"href":"https:\/\/webdealta.info\/index.php?rest_route=\/wp\/v2\/types\/post"}],"author":[{"embeddable":true,"href":"https:\/\/webdealta.info\/index.php?rest_route=\/wp\/v2\/users\/2"}],"replies":[{"embeddable":true,"href":"https:\/\/webdealta.info\/index.php?rest_route=%2Fwp%2Fv2%2Fcomments&post=4442"}],"version-history":[{"count":1,"href":"https:\/\/webdealta.info\/index.php?rest_route=\/wp\/v2\/posts\/4442\/revisions"}],"predecessor-version":[{"id":4444,"href":"https:\/\/webdealta.info\/index.php?rest_route=\/wp\/v2\/posts\/4442\/revisions\/4444"}],"wp:featuredmedia":[{"embeddable":true,"href":"https:\/\/webdealta.info\/index.php?rest_route=\/wp\/v2\/media\/4443"}],"wp:attachment":[{"href":"https:\/\/webdealta.info\/index.php?rest_route=%2Fwp%2Fv2%2Fmedia&parent=4442"}],"wp:term":[{"taxonomy":"category","embeddable":true,"href":"https:\/\/webdealta.info\/index.php?rest_route=%2Fwp%2Fv2%2Fcategories&post=4442"},{"taxonomy":"post_tag","embeddable":true,"href":"https:\/\/webdealta.info\/index.php?rest_route=%2Fwp%2Fv2%2Ftags&post=4442"}],"curies":[{"name":"wp","href":"https:\/\/api.w.org\/{rel}","templated":true}]}}