{"id":4421,"date":"2022-03-21T20:54:37","date_gmt":"2022-03-22T00:54:37","guid":{"rendered":"https:\/\/webdealta.info\/?p=4421"},"modified":"2022-03-21T20:54:41","modified_gmt":"2022-03-22T00:54:41","slug":"ieea-reconozcamos-el-valor-de-las-personas-con-discapacidad","status":"publish","type":"post","link":"https:\/\/webdealta.info\/?p=4421","title":{"rendered":"IEEA: reconozcamos el valor de las personas con discapacidad"},"content":{"rendered":"\n<p>Amanda Saldivia.-<\/p>\n\n\n\n<p>Para la familia del Instituto de Educaci\u00f3n Especial Altagracia, el D\u00eda Mundial del S\u00edndrome de Down es una oportunidad para compartir experiencias y estrechar lazos con los padres de los ni\u00f1os con esta condici\u00f3n, raz\u00f3n por la cual organizaron una actividad este lunes 21 de marzo en la sede, ubicada en la urbanizaci\u00f3n El Diamante.<\/p>\n\n\n\n<p>La profesora Marcia Vel\u00e1squez, en declaraciones ofrecidas a la Web de Altagracia, resalt\u00f3 que este d\u00eda fue designado por la Asamblea General de la ONU para que reconozcamos el valor de las personas con discapacidad intelectual y trabajemos el pro de la independencia individual.<\/p>\n\n\n\n<p>Igualmente, se\u00f1al\u00f3 que este a\u00f1o la palabra inclusi\u00f3n fue el tema central de este d\u00eda, como \u201cuna oportunidad \u00fanica para que la comunidad global de S\u00edndrome de Down comparta ideas, experiencias y conocimientos, a los fines de que se fortalezcan a la hora de abogar y reivindicar la igualdad y derechos\u201d.<\/p>\n\n\n\n<p>Desde las nueve de la ma\u00f1ana de este lunes 21 de marzo, el Instituto de Educaci\u00f3n Especial Altagracia llev\u00f3 adelante actos culturales, testimonios de padres sobre la experiencia y un almuerzo para compartir en familia.<\/p>\n\n\n\n<p>@amandasaldivia    <\/p>\n\n\n\n<p><\/p>\n","protected":false},"excerpt":{"rendered":"<p>Amanda Saldivia.- Para la familia del Instituto de Educaci\u00f3n Especial Altagracia, el D\u00eda Mundial del S\u00edndrome de Down es una oportunidad para compartir experiencias y estrechar lazos con los padres de los ni\u00f1os con esta condici\u00f3n, raz\u00f3n por la cual organizaron una actividad este lunes 21 de marzo en la<\/p>\n","protected":false},"author":2,"featured_media":4422,"comment_status":"open","ping_status":"open","sticky":false,"template":"","format":"standard","meta":{"advanced_seo_description":"","jetpack_seo_html_title":"","jetpack_seo_noindex":false,"_jetpack_memberships_contains_paid_content":false,"footnotes":"","jetpack_publicize_message":"","jetpack_publicize_feature_enabled":true,"jetpack_social_post_already_shared":true,"jetpack_social_options":{"image_generator_settings":{"template":"highway","enabled":false},"version":2}},"categories":[117],"tags":[8,7,32],"class_list":["post-4421","post","type-post","status-publish","format-standard","has-post-thumbnail","hentry","category-celebracion","tag-altagraciadeorituco","tag-guarico","tag-webdealta",""],"jetpack_publicize_connections":[],"jetpack_featured_media_url":"https:\/\/webdealta.info\/wp-content\/uploads\/2022\/03\/webdealta-sindrome-de-down.png","jetpack_sharing_enabled":true,"jetpack_likes_enabled":true,"jetpack-related-posts":[],"jetpack_shortlink":"https:\/\/wp.me\/pcseDn-19j","_links":{"self":[{"href":"https:\/\/webdealta.info\/index.php?rest_route=\/wp\/v2\/posts\/4421","targetHints":{"allow":["GET"]}}],"collection":[{"href":"https:\/\/webdealta.info\/index.php?rest_route=\/wp\/v2\/posts"}],"about":[{"href":"https:\/\/webdealta.info\/index.php?rest_route=\/wp\/v2\/types\/post"}],"author":[{"embeddable":true,"href":"https:\/\/webdealta.info\/index.php?rest_route=\/wp\/v2\/users\/2"}],"replies":[{"embeddable":true,"href":"https:\/\/webdealta.info\/index.php?rest_route=%2Fwp%2Fv2%2Fcomments&post=4421"}],"version-history":[{"count":1,"href":"https:\/\/webdealta.info\/index.php?rest_route=\/wp\/v2\/posts\/4421\/revisions"}],"predecessor-version":[{"id":4423,"href":"https:\/\/webdealta.info\/index.php?rest_route=\/wp\/v2\/posts\/4421\/revisions\/4423"}],"wp:featuredmedia":[{"embeddable":true,"href":"https:\/\/webdealta.info\/index.php?rest_route=\/wp\/v2\/media\/4422"}],"wp:attachment":[{"href":"https:\/\/webdealta.info\/index.php?rest_route=%2Fwp%2Fv2%2Fmedia&parent=4421"}],"wp:term":[{"taxonomy":"category","embeddable":true,"href":"https:\/\/webdealta.info\/index.php?rest_route=%2Fwp%2Fv2%2Fcategories&post=4421"},{"taxonomy":"post_tag","embeddable":true,"href":"https:\/\/webdealta.info\/index.php?rest_route=%2Fwp%2Fv2%2Ftags&post=4421"}],"curies":[{"name":"wp","href":"https:\/\/api.w.org\/{rel}","templated":true}]}}