{"id":4417,"date":"2022-03-21T20:03:55","date_gmt":"2022-03-22T00:03:55","guid":{"rendered":"https:\/\/webdealta.info\/?p=4417"},"modified":"2022-03-21T20:03:57","modified_gmt":"2022-03-22T00:03:57","slug":"en-altagracia-se-hablo-de-genero-cuando-la-violencia-se-disfraza-de-amor","status":"publish","type":"post","link":"https:\/\/webdealta.info\/?p=4417","title":{"rendered":"En Altagracia se habl\u00f3 de g\u00e9nero: cuando la violencia se disfraza de amor"},"content":{"rendered":"\n<p>La violencia de g\u00e9nero es considerada un problema de salud p\u00fablica que afecta no solo a Venezuela, si no a muchos pa\u00edses del mundo. Es por ello que Acci\u00f3n Campesina organiz\u00f3 la charla \u201cHablemos de g\u00e9nero: cuando la violencia se disfraza de amor\u201d, con el prop\u00f3sito de concientizar a la poblaci\u00f3n del municipio Jos\u00e9 Tadeo Monagas, en el estado Gu\u00e1rico, sobre este importante tema.<\/p>\n\n\n\n<p>La actividad cont\u00f3 con la ponencia de la licenciada Carolina Rojas, promotora social y de la psic\u00f3logo cl\u00ednico Melany Rodr\u00edguez, quienes forman parte del equipo de trabajo de Acci\u00f3n Campesina en la entidad.<\/p>\n\n\n\n<p>Durante la ponencia, Rojas explic\u00f3 que en promedio hubo una acci\u00f3n femicida cada 19 horas durante el a\u00f1o 2021, esto seg\u00fan cifras ofrecidas por el Centro de Justicia y Paz (CEPAZ), organizaci\u00f3n sin fines de lucro que desarrolla un trabajo especializado en pro de las poblaciones vulnerables, enfoc\u00e1ndose en mujeres.<\/p>\n\n\n\n<p>Por su parte, Melany Rodr\u00edguez puntualiz\u00f3 que la violencia es un patr\u00f3n de conducta aprendido que suele repetirse \u201cla manera que el agresor tiene de defenderse, expresarse o decir lo que piensa es golpeando a otra persona o ejerciendo poder y control. Estamos ense\u00f1ando a nuestros hijos que valen un golpe\u201d.<\/p>\n\n\n\n<p>Tambi\u00e9n estuvieron presentes la Lic. Janis Joplin, defensora de los derechos humanos de CEPAZ, as\u00ed como las licenciadas Nhelsyr Gonz\u00e1lez y Yelmi Urrutia, Gerente de Operaciones de Acci\u00f3n Campesina y Asistente de Proyectos de Acci\u00f3n Campesina, respectivamente.<\/p>\n\n\n\n<p>Al finalizar las ponencias, Andre\u00edna Zerpa, concejal de municipio Jos\u00e9 Tadeo Monagas y asistente al evento, dedic\u00f3 unas palabras al p\u00fablico presente explicando que \u201ccuando est\u00e1s sumergida en este tipo de violencia, es dif\u00edcil enfrentar el d\u00eda a d\u00eda, ver a los ojos a tus hijos y decirles que todo est\u00e1 bien, as\u00ed el mundo se te est\u00e9 derrumbando en pedazos\u201d.<\/p>\n\n\n\n<p>La concejal explic\u00f3 lo complicado que es romper con el c\u00edrculo de violencia, se\u00f1alando que \u201ces dif\u00edcil buscar ayuda, porque tienes temor de decirle a las personas que est\u00e1s pasando por eso, porque hay quienes te entienden y otras no, quiz\u00e1s hasta temor de decirle a tu familia porque no sabes c\u00f3mo lo van a enfrentar\u201d.<\/p>\n\n\n\n<p>Esta actividad forma parte de un conjunto de acciones que organiza el Observatorio de Pol\u00edticas P\u00fablicas Municipales La Gente Propone, proyecto del Grupo Social CESAP y que ejecuta Acci\u00f3n Campesina en el municipio Monagas. El mismo se realiz\u00f3 en las instalaciones de la fundaci\u00f3n Dr. Pedro Mar\u00eda Ar\u00e9valo, el pasado viernes 18 de marzo. Debido al \u00e9xito obtenido, se espera programar nuevas fechas de esta charla, esto con el fin de educar, ayudar y concientizar a la mayor cantidad de personas referente a este tema.<\/p>\n\n\n\n<p>Prensa La Gente Propone<\/p>\n\n\n\n<p><\/p>\n","protected":false},"excerpt":{"rendered":"<p>La violencia de g\u00e9nero es considerada un problema de salud p\u00fablica que afecta no solo a Venezuela, si no a muchos pa\u00edses del mundo. Es por ello que Acci\u00f3n Campesina organiz\u00f3 la charla \u201cHablemos de g\u00e9nero: cuando la violencia se disfraza de amor\u201d, con el prop\u00f3sito de concientizar a la<\/p>\n","protected":false},"author":2,"featured_media":4418,"comment_status":"open","ping_status":"open","sticky":false,"template":"","format":"standard","meta":{"advanced_seo_description":"","jetpack_seo_html_title":"","jetpack_seo_noindex":false,"_jetpack_memberships_contains_paid_content":false,"footnotes":"","jetpack_publicize_message":"","jetpack_publicize_feature_enabled":true,"jetpack_social_post_already_shared":true,"jetpack_social_options":{"image_generator_settings":{"template":"highway","enabled":false},"version":2}},"categories":[39],"tags":[8,7,32],"class_list":["post-4417","post","type-post","status-publish","format-standard","has-post-thumbnail","hentry","category-accion-campesina","tag-altagraciadeorituco","tag-guarico","tag-webdealta",""],"jetpack_publicize_connections":[],"jetpack_featured_media_url":"https:\/\/webdealta.info\/wp-content\/uploads\/2022\/03\/charla-Accion-Campesina-webdealta.png","jetpack_sharing_enabled":true,"jetpack_likes_enabled":true,"jetpack-related-posts":[],"jetpack_shortlink":"https:\/\/wp.me\/pcseDn-19f","_links":{"self":[{"href":"https:\/\/webdealta.info\/index.php?rest_route=\/wp\/v2\/posts\/4417","targetHints":{"allow":["GET"]}}],"collection":[{"href":"https:\/\/webdealta.info\/index.php?rest_route=\/wp\/v2\/posts"}],"about":[{"href":"https:\/\/webdealta.info\/index.php?rest_route=\/wp\/v2\/types\/post"}],"author":[{"embeddable":true,"href":"https:\/\/webdealta.info\/index.php?rest_route=\/wp\/v2\/users\/2"}],"replies":[{"embeddable":true,"href":"https:\/\/webdealta.info\/index.php?rest_route=%2Fwp%2Fv2%2Fcomments&post=4417"}],"version-history":[{"count":1,"href":"https:\/\/webdealta.info\/index.php?rest_route=\/wp\/v2\/posts\/4417\/revisions"}],"predecessor-version":[{"id":4419,"href":"https:\/\/webdealta.info\/index.php?rest_route=\/wp\/v2\/posts\/4417\/revisions\/4419"}],"wp:featuredmedia":[{"embeddable":true,"href":"https:\/\/webdealta.info\/index.php?rest_route=\/wp\/v2\/media\/4418"}],"wp:attachment":[{"href":"https:\/\/webdealta.info\/index.php?rest_route=%2Fwp%2Fv2%2Fmedia&parent=4417"}],"wp:term":[{"taxonomy":"category","embeddable":true,"href":"https:\/\/webdealta.info\/index.php?rest_route=%2Fwp%2Fv2%2Fcategories&post=4417"},{"taxonomy":"post_tag","embeddable":true,"href":"https:\/\/webdealta.info\/index.php?rest_route=%2Fwp%2Fv2%2Ftags&post=4417"}],"curies":[{"name":"wp","href":"https:\/\/api.w.org\/{rel}","templated":true}]}}