{"id":4414,"date":"2022-03-20T12:51:14","date_gmt":"2022-03-20T16:51:14","guid":{"rendered":"https:\/\/webdealta.info\/?p=4414"},"modified":"2022-03-20T12:51:16","modified_gmt":"2022-03-20T16:51:16","slug":"solorzano-este-municipio-esta-lleno-de-heroinas-comprometidas-con-su-pueblo","status":"publish","type":"post","link":"https:\/\/webdealta.info\/?p=4414","title":{"rendered":"Sol\u00f3rzano: \u201ceste municipio est\u00e1 lleno de hero\u00ednas comprometidas con su pueblo\u201d"},"content":{"rendered":"\n<p>Amanda Saldivia.-<\/p>\n\n\n\n<p>Brindar asesor\u00eda jur\u00eddica a la mujer \u201ccomo acompa\u00f1amiento en el tema de la formaci\u00f3n, en el tema de ayudarlas con los emprendimientos para que accedan a los planes de financiamiento\u201d, fue parte de lo expresado por el alcalde Pedro Sol\u00f3rzano en la sesi\u00f3n especial del Concejo Municipal celebrada el s\u00e1bado 19 de marzo en Altagracia de Orituco, con motivo del Mes de la Mujer.<\/p>\n\n\n\n<p>El mandatario municipal calific\u00f3 como hero\u00ednas a las mujeres del Orituco, por la disposici\u00f3n a trabajar e hizo \u00e9nfasis en la unidad, entendida como el inter\u00e9s de hacer de \u201cAltagracia una ciudad m\u00e1s limpia, m\u00e1s justa, m\u00e1s llevadera y hacer del municipio Monagas m\u00e1s pr\u00f3spero, independientemente de la parcialidad pol\u00edtica de cada quien, hay que reconocer que este municipio est\u00e1 lleno de hero\u00ednas comprometidas con su pueblo\u201d.<\/p>\n\n\n\n<p>En las palabras dirigidas a un auditorio mayoritariamente de mujeres, entre ellas diputadas, concejales, directoras de la alcald\u00eda, de institutos nacionales, educadoras, l\u00edderes comunitarias, milicianas, polic\u00edas y bomberos, el alcalde Pedro Sol\u00f3rzano reconoci\u00f3 que los primeros 100 d\u00edas de gobierno no han sido f\u00e1ciles y que la semana entrante presentar\u00e1 el informe de gesti\u00f3n, como parte de las responsabilidades inherentes al cargo. &nbsp;<\/p>\n\n\n\n<p>\u201cYo quiero ratificar el compromiso de trabajar de la mano con todos los sectores, yo me he sentado aqu\u00ed con gente que no son afectos ideol\u00f3gicamente al proyecto nuestro, pero est\u00e1n en disposici\u00f3n de trabajar y de colaborar para que el municipio sea mejor, y yo lo he dicho, lo digo y lo sostengo si me tengo que sentar, con el que me tenga que sentar para buscar mejoras\u2026me sentar\u00e9\u201d, expres\u00f3 el alcalde Pedro Sol\u00f3rzano<\/p>\n\n\n\n<p>Adem\u00e1s de los siete ediles del municipio Monagas, la sesi\u00f3n especial cont\u00f3 con la presencia de Ramnellys Blanco, presidenta del Instituto P\u00fablico Minero del estado Gu\u00e1rico, quien fue la oradora de orden e igualmente destac\u00f3 Janitza Rond\u00f3n, diputada de la Asamblea Nacional (UPV) y Ana Angola, parlamentaria del Consejo Legislativo Regional, entre otros invitados.<\/p>\n\n\n\n<p>La sesi\u00f3n culmin\u00f3 con una serenata y la entrega de reconocimientos a m\u00e1s de 50 mujeres destacadas en los distintos \u00e1mbitos del quehacer de esta regi\u00f3n.<\/p>\n\n\n\n<p>@amandasaldivia    <\/p>\n\n\n\n<p><\/p>\n\n\n\n<p><\/p>\n","protected":false},"excerpt":{"rendered":"<p>Amanda Saldivia.- Brindar asesor\u00eda jur\u00eddica a la mujer \u201ccomo acompa\u00f1amiento en el tema de la formaci\u00f3n, en el tema de ayudarlas con los emprendimientos para que accedan a los planes de financiamiento\u201d, fue parte de lo expresado por el alcalde Pedro Sol\u00f3rzano en la sesi\u00f3n especial del Concejo Municipal celebrada<\/p>\n","protected":false},"author":2,"featured_media":4415,"comment_status":"open","ping_status":"open","sticky":false,"template":"","format":"standard","meta":{"advanced_seo_description":"","jetpack_seo_html_title":"","jetpack_seo_noindex":false,"_jetpack_memberships_contains_paid_content":false,"footnotes":"","jetpack_publicize_message":"","jetpack_publicize_feature_enabled":true,"jetpack_social_post_already_shared":true,"jetpack_social_options":{"image_generator_settings":{"template":"highway","enabled":false},"version":2}},"categories":[15],"tags":[8,32],"class_list":["post-4414","post","type-post","status-publish","format-standard","has-post-thumbnail","hentry","category-municipalidad","tag-altagraciadeorituco","tag-webdealta",""],"jetpack_publicize_connections":[],"jetpack_featured_media_url":"https:\/\/webdealta.info\/wp-content\/uploads\/2022\/03\/alcalde-pedrosolorzano-webdealta-1.png","jetpack_sharing_enabled":true,"jetpack_likes_enabled":true,"jetpack-related-posts":[],"jetpack_shortlink":"https:\/\/wp.me\/pcseDn-19c","_links":{"self":[{"href":"https:\/\/webdealta.info\/index.php?rest_route=\/wp\/v2\/posts\/4414","targetHints":{"allow":["GET"]}}],"collection":[{"href":"https:\/\/webdealta.info\/index.php?rest_route=\/wp\/v2\/posts"}],"about":[{"href":"https:\/\/webdealta.info\/index.php?rest_route=\/wp\/v2\/types\/post"}],"author":[{"embeddable":true,"href":"https:\/\/webdealta.info\/index.php?rest_route=\/wp\/v2\/users\/2"}],"replies":[{"embeddable":true,"href":"https:\/\/webdealta.info\/index.php?rest_route=%2Fwp%2Fv2%2Fcomments&post=4414"}],"version-history":[{"count":1,"href":"https:\/\/webdealta.info\/index.php?rest_route=\/wp\/v2\/posts\/4414\/revisions"}],"predecessor-version":[{"id":4416,"href":"https:\/\/webdealta.info\/index.php?rest_route=\/wp\/v2\/posts\/4414\/revisions\/4416"}],"wp:featuredmedia":[{"embeddable":true,"href":"https:\/\/webdealta.info\/index.php?rest_route=\/wp\/v2\/media\/4415"}],"wp:attachment":[{"href":"https:\/\/webdealta.info\/index.php?rest_route=%2Fwp%2Fv2%2Fmedia&parent=4414"}],"wp:term":[{"taxonomy":"category","embeddable":true,"href":"https:\/\/webdealta.info\/index.php?rest_route=%2Fwp%2Fv2%2Fcategories&post=4414"},{"taxonomy":"post_tag","embeddable":true,"href":"https:\/\/webdealta.info\/index.php?rest_route=%2Fwp%2Fv2%2Ftags&post=4414"}],"curies":[{"name":"wp","href":"https:\/\/api.w.org\/{rel}","templated":true}]}}