{"id":4387,"date":"2022-03-10T23:34:05","date_gmt":"2022-03-11T03:34:05","guid":{"rendered":"https:\/\/webdealta.info\/?p=4387"},"modified":"2022-03-10T23:34:18","modified_gmt":"2022-03-11T03:34:18","slug":"centro-medico-orituco-entrego-botones-por-anos-de-servicio","status":"publish","type":"post","link":"https:\/\/webdealta.info\/?p=4387","title":{"rendered":"Centro M\u00e9dico Orituco entreg\u00f3 botones por a\u00f1os de servicio"},"content":{"rendered":"\n<p>Amanda Saldivia.-<\/p>\n\n\n\n<p>Con un agasajo especial y la entrega de botones por a\u00f1os de servicio, el Centro M\u00e9dico Orituco celebr\u00f3 este 10 de marzo el D\u00eda del M\u00e9dico, para reconocer el desempe\u00f1o de quienes laboran en esa instituci\u00f3n y los han acompa\u00f1ado en la dif\u00edcil misi\u00f3n de enfrentar la pandemia de covid-19.<\/p>\n\n\n\n<p>La Dra. Milvia Garc\u00eda, presidente de la Junta Directiva y Director M\u00e9dico, encabez\u00f3 el acto en el cual entregaron botones por a\u00f1os de servicio a 21 m\u00e9dicos de distintas especialidades y fue la encargada de dar la bienvenida al emotivo acto, con el recordatorio de que la fecha fue escogida por la Federaci\u00f3n M\u00e9dica Venezolana en el a\u00f1o 1955, en memoria de Jos\u00e9 Mar\u00eda Vargas, destacado galeno venezolano.<\/p>\n\n\n\n<p>Le correspondi\u00f3 a los m\u00e9dicos Abigail Rodr\u00edguez (Internista) y Reinaldo Silva (Traumat\u00f3logo), contar su experiencia como parte del equipo del Centro M\u00e9dico Orituco, las dificultades y los logros alcanzados en estos 30 a\u00f1os y relatar las oportunidades que les brind\u00f3 el Dr. C\u00e9sar Ram\u00edrez, fundador de esa instituci\u00f3n, quien no est\u00e1 f\u00edsicamente.<\/p>\n\n\n\n<p>Igualmente, mencionaron el valor de la Dra. Milvia Garc\u00eda, quien asumi\u00f3 la conducci\u00f3n del Centro M\u00e9dico desde hace m\u00e1s de 15 a\u00f1os, en los \u00faltimos sin el apoyo del Dr. C\u00e9sar Ram\u00edrez, adem\u00e1s de enfrentar los cambios que trajo la pandemia de covid-19, pero siempre con el temple que la caracteriza y apostando por brindar a los pobladores de esta regi\u00f3n la oportunidad de ser atendidos por profesionales de distintas \u00e1reas de la salud.<\/p>\n\n\n\n<p>Fueron distinguidos con botones por a\u00f1os de servicio los siguientes galenos:<\/p>\n\n\n\n<ul class=\"wp-block-list\"><li>10 a\u00f1os: Eylin Yanez, cardi\u00f3logo.<\/li><li>13 a\u00f1os: Mary Bell Pacheco, cirujano general y especialista en Salud P\u00fablica.<\/li><li>15 a\u00f1os: F\u00e9lix Palacios, gineco obstetra; Mar\u00eda Daniela Ram\u00edrez, cirujano; Miguel Guti\u00e9rrez, pediatra.<\/li><li>16 a\u00f1os: Vicente Lira, cirujano general.<\/li><li>18 a\u00f1os: Albanela Morffe, pediatra y neum\u00f3logo pediatra; Carlos Arteaga, gineco obstetra y Delio Jos\u00e9 Suarez, cirujano.<\/li><li>19 a\u00f1os: Mary Torres, pediatra.<\/li><li>24 a\u00f1os: Mary Paz Pacheco, gastroenter\u00f3logo.<\/li><li>25 a\u00f1os: Lisbia Requena, pediatra.<\/li><li>30 a\u00f1os: Delio Suarez, pediatra; Anibal Reinaldo Silva, traumat\u00f3logo; Nellys Mart\u00ednez, cirujano; C\u00e9sar Tinedo, gastroenter\u00f3logo; Juvenal Ochoa, anestesi\u00f3logo, Belkis Estanga, alerg\u00f3logo-inmun\u00f3logo; Carlos Luis Gonz\u00e1lez, cirujano pl\u00e1stico y Abigail Rodr\u00edguez, internista.<\/li><li>Distinci\u00f3n especial para el Dr. Carlos Macero, por la labor que desempe\u00f1a en el \u00e1rea covid-19.<\/li><li>35 a\u00f1os: Dra. Milvia Garc\u00eda, ginec\u00f3loga, presidente de la junta directiva del Centro M\u00e9dico Orituco y fundadora.<\/li><\/ul>\n\n\n\n<p>@amandasaldivia    <\/p>\n\n\n\n<p>fotos cortes\u00eda<\/p>\n\n\n\n<p><\/p>\n","protected":false},"excerpt":{"rendered":"<p>Amanda Saldivia.- Con un agasajo especial y la entrega de botones por a\u00f1os de servicio, el Centro M\u00e9dico Orituco celebr\u00f3 este 10 de marzo el D\u00eda del M\u00e9dico, para reconocer el desempe\u00f1o de quienes laboran en esa instituci\u00f3n y los han acompa\u00f1ado en la dif\u00edcil misi\u00f3n de enfrentar la pandemia<\/p>\n","protected":false},"author":2,"featured_media":4388,"comment_status":"open","ping_status":"open","sticky":false,"template":"","format":"standard","meta":{"advanced_seo_description":"","jetpack_seo_html_title":"","jetpack_seo_noindex":false,"_jetpack_memberships_contains_paid_content":false,"footnotes":"","jetpack_publicize_message":"","jetpack_publicize_feature_enabled":true,"jetpack_social_post_already_shared":true,"jetpack_social_options":{"image_generator_settings":{"template":"highway","enabled":false},"version":2}},"categories":[117],"tags":[8,7,32],"class_list":["post-4387","post","type-post","status-publish","format-standard","has-post-thumbnail","hentry","category-celebracion","tag-altagraciadeorituco","tag-guarico","tag-webdealta",""],"jetpack_publicize_connections":[],"jetpack_featured_media_url":"https:\/\/webdealta.info\/wp-content\/uploads\/2022\/03\/CMO-webdealta.png","jetpack_sharing_enabled":true,"jetpack_likes_enabled":true,"jetpack-related-posts":[],"jetpack_shortlink":"https:\/\/wp.me\/pcseDn-18L","_links":{"self":[{"href":"https:\/\/webdealta.info\/index.php?rest_route=\/wp\/v2\/posts\/4387","targetHints":{"allow":["GET"]}}],"collection":[{"href":"https:\/\/webdealta.info\/index.php?rest_route=\/wp\/v2\/posts"}],"about":[{"href":"https:\/\/webdealta.info\/index.php?rest_route=\/wp\/v2\/types\/post"}],"author":[{"embeddable":true,"href":"https:\/\/webdealta.info\/index.php?rest_route=\/wp\/v2\/users\/2"}],"replies":[{"embeddable":true,"href":"https:\/\/webdealta.info\/index.php?rest_route=%2Fwp%2Fv2%2Fcomments&post=4387"}],"version-history":[{"count":1,"href":"https:\/\/webdealta.info\/index.php?rest_route=\/wp\/v2\/posts\/4387\/revisions"}],"predecessor-version":[{"id":4389,"href":"https:\/\/webdealta.info\/index.php?rest_route=\/wp\/v2\/posts\/4387\/revisions\/4389"}],"wp:featuredmedia":[{"embeddable":true,"href":"https:\/\/webdealta.info\/index.php?rest_route=\/wp\/v2\/media\/4388"}],"wp:attachment":[{"href":"https:\/\/webdealta.info\/index.php?rest_route=%2Fwp%2Fv2%2Fmedia&parent=4387"}],"wp:term":[{"taxonomy":"category","embeddable":true,"href":"https:\/\/webdealta.info\/index.php?rest_route=%2Fwp%2Fv2%2Fcategories&post=4387"},{"taxonomy":"post_tag","embeddable":true,"href":"https:\/\/webdealta.info\/index.php?rest_route=%2Fwp%2Fv2%2Ftags&post=4387"}],"curies":[{"name":"wp","href":"https:\/\/api.w.org\/{rel}","templated":true}]}}